{"id":122389,"date":"2018-01-08T07:57:51","date_gmt":"2018-01-08T06:57:51","guid":{"rendered":"http:\/\/www.brundisium.net\/?p=122389"},"modified":"2018-01-09T09:34:59","modified_gmt":"2018-01-09T08:34:59","slug":"brindisi5stelle-non-rappresentiamo-nessuno-se-non-noi-stessi","status":"publish","type":"post","link":"https:\/\/www.brundisium.net\/index.php\/brindisi5stelle-non-rappresentiamo-nessuno-se-non-noi-stessi\/","title":{"rendered":"Brindisi5Stelle: &#8220;non rappresentiamo nessuno se non noi stessi&#8221;"},"content":{"rendered":"<p>Apprendiamo con non poco stupore, che notizie mediatiche sul nostro lavoro, siano state utilizzate per scopi certamente diversi da quelli per cui abbiamo lavorato sino ad oggi.<\/p>\n<p>&nbsp;<\/p>\n<p>Evidentemente, qualcuno che teme la forza degli attivisti del Movimento 5 Stelle a Brindisi, ha pensato bene di suggerire alla stampa ci\u00f2 che facciamo, speranzoso, come accaduto in precedenza, che si scateni una guerra interna fra i gruppi esistenti.<\/p>\n<p>&nbsp;<\/p>\n<p>Ma cos\u00ec non \u00e8, perch\u00e9 se \u00e8 vero che da oltre tre mesi ci stiamo riunendo ed abbiamo creato un gruppo allargato denominato \u201cBrindisi5Stelle 2018\u201d, \u00e8 anche vero che all&#8217;interno di questo gruppo sono confluiti tutti gli attivisti di buona volont\u00e0 e facenti parte di tutti i Meetup cittadini, tra cui anche quello che la stampa associa al Consigliere Bozzetti.<\/p>\n<p>&nbsp;<\/p>\n<p>In vero, alla prima riunione tenuta al locale Break 24, ha partecipato anche il nostro Consigliere alla Regione.<\/p>\n<p>&nbsp;<\/p>\n<p>Fatta questa premessa, va detto dunque che non solo questo gruppo di persone non ha mai manifestato l&#8217;intendimento di rappresentare il Movimento5Stelle, ma ha solo lavorato unitariamente con tutti i cittadini che nel Movimento si riconoscono per gli obbiettivi che si ritiene possano essere utili alla nostra citt\u00e0.<\/p>\n<p>&nbsp;<\/p>\n<p>Precisato dunque che non rappresentiamo nessuno se non noi stessi, e che non abbiamo mai dato notizia di quanto stavamo facendo a nessuno, n\u00e9 ci siamo mai pregiati di voler far conoscere il nostro operato o le nostre decisioni, \u00e8 evidente che i giornali hanno riportato solo notizie di cui sono venuti a conoscenza da proprie fonti e non certo da noi in quanto gruppo di attivisti.<\/p>\n<p>&nbsp;<\/p>\n<p>Infatti, dice bene il nostro Consigliere alla Regione laddove afferma che in mancanza di certificazione, non vi \u00e8 nessun candidato sindaco del Movimento5Stelle n\u00e9 alcuna lista.<\/p>\n<p>&nbsp;<\/p>\n<p>Vero \u00e8 per\u00f2 che non si pu\u00f2 attribuire alcun atteggiamento\u00a0&#8220;non conforme al movimento&#8221;\u00a0di questo gruppo che, allo stato attuale, non ha fatto nulla per meritare alcuna critica, operando invece semplicemente secondo coscienza.<\/p>\n<p>&nbsp;<\/p>\n<p>Appare di palmare evidenza infatti che a questo gruppo non pu\u00f2 essere attribuita alcuna mancanza di prudenza, poich\u00e9, \u201cmai siamo usciti con dichiarazioni\u201d di candidati o liste ma semmai, lo hanno fatto i cosiddetti media.<\/p>\n<p>&nbsp;<\/p>\n<p>Noi, per quel che ci riguarda, stiamo lavorando gi\u00e0 da tempo per proporre allo Staff dei programmi aventi come obbiettivo il bene della nostra Citt\u00e0, lungi dall&#8217;attribuirci la paternit\u00e0 di rappresentare il Movimento, ma solo con l&#8217;intento di proporre dei progetti nella qualit\u00e0 di attivisti.<\/p>\n<p>&nbsp;<\/p>\n<p>In verit\u00e0, apparirebbe anche difficile, per quanto non impossibile, che qualche altro gruppo stia lavorando per le stesse ragioni, in quanto sin da subito, abbiamo invitato tutti gli attivisti del territorio che, stando ai verbali di presenza, non sono mancati alle riunioni di questo gruppo allargato.<\/p>\n<p>&nbsp;<\/p>\n<p>Fatti questi chiarimenti che risultano oggettivi nella loro esistenza, sarebbe opportuna pi\u00f9 accortezza nel giudicare fatti e circostanze che, invece, non sono state poste in essere n\u00e9 da questo gruppo n\u00e9 dall&#8217;avv. Leoci, giacch\u00e9 non ci risulta aver mai espresso n\u00e9 ufficialmente n\u00e9 per altre vie, alcunch\u00e9, ben conoscendo sia lo Statuto che il Regolamento del Movimento5Stelle.<\/p>\n<p>&nbsp;<\/p>\n<p>Proprio per questo, noi tutti sappiamo che il candidato sindaco uscir\u00e0 dal consenso manifestato dalla gente del Movimento e che sar\u00e0 rispettata la procedura in tal senso.<\/p>\n<p>&nbsp;<\/p>\n<p><em><strong>Comunicato Stampa Gruppo Attivisti BRINDISI5STELLE_2018<\/strong><\/em><\/p>\n","protected":false},"excerpt":{"rendered":"<p>Apprendiamo con non poco stupore, che notizie mediatiche sul nostro lavoro, siano state utilizzate per scopi certamente diversi da quelli per cui abbiamo lavorato sino ad oggi. &nbsp; Evidentemente, qualcuno che teme la forza degli attivisti del Movimento 5 Stelle a Brindisi, ha pensato bene di suggerire alla stampa ci\u00f2 che facciamo, speranzoso, come accaduto in precedenza, che si scateni una guerra interna fra i gruppi esistenti. &nbsp; Ma cos\u00ec non \u00e8, perch\u00e9 se \u00e8 vero che da oltre tre mesi ci stiamo riunendo ed abbiamo creato un gruppo allargato denominato \u201cBrindisi5Stelle 2018\u201d, \u00e8 anche vero che all&#8217;interno di questo gruppo sono confluiti tutti gli attivisti di buona volont\u00e0 e facenti parte di tutti i Meetup cittadini, tra cui anche quello che la stampa associa al Consigliere Bozzetti. &nbsp; In vero, alla prima riunione tenuta al locale Break 24, ha partecipato anche il nostro Consigliere alla Regione. &nbsp; Fatta questa premessa, va detto dunque che non solo questo gruppo di persone non ha mai manifestato l&#8217;intendimento di rappresentare il Movimento5Stelle,&#8230;<\/p>\n","protected":false},"author":2,"featured_media":16463,"comment_status":"open","ping_status":"closed","sticky":false,"template":"","format":"standard","meta":{"footnotes":""},"categories":[7],"tags":[435],"class_list":["post-122389","post","type-post","status-publish","format-standard","has-post-thumbnail","hentry","category-news","tag-m5s"],"_links":{"self":[{"href":"https:\/\/www.brundisium.net\/index.php\/wp-json\/wp\/v2\/posts\/122389","targetHints":{"allow":["GET"]}}],"collection":[{"href":"https:\/\/www.brundisium.net\/index.php\/wp-json\/wp\/v2\/posts"}],"about":[{"href":"https:\/\/www.brundisium.net\/index.php\/wp-json\/wp\/v2\/types\/post"}],"author":[{"embeddable":true,"href":"https:\/\/www.brundisium.net\/index.php\/wp-json\/wp\/v2\/users\/2"}],"replies":[{"embeddable":true,"href":"https:\/\/www.brundisium.net\/index.php\/wp-json\/wp\/v2\/comments?post=122389"}],"version-history":[{"count":1,"href":"https:\/\/www.brundisium.net\/index.php\/wp-json\/wp\/v2\/posts\/122389\/revisions"}],"predecessor-version":[{"id":122390,"href":"https:\/\/www.brundisium.net\/index.php\/wp-json\/wp\/v2\/posts\/122389\/revisions\/122390"}],"wp:featuredmedia":[{"embeddable":true,"href":"https:\/\/www.brundisium.net\/index.php\/wp-json\/wp\/v2\/media\/16463"}],"wp:attachment":[{"href":"https:\/\/www.brundisium.net\/index.php\/wp-json\/wp\/v2\/media?parent=122389"}],"wp:term":[{"taxonomy":"category","embeddable":true,"href":"https:\/\/www.brundisium.net\/index.php\/wp-json\/wp\/v2\/categories?post=122389"},{"taxonomy":"post_tag","embeddable":true,"href":"https:\/\/www.brundisium.net\/index.php\/wp-json\/wp\/v2\/tags?post=122389"}],"curies":[{"name":"wp","href":"https:\/\/api.w.org\/{rel}","templated":true}]}}