{"id":122404,"date":"2018-01-08T11:22:28","date_gmt":"2018-01-08T10:22:28","guid":{"rendered":"http:\/\/www.brundisium.net\/?p=122404"},"modified":"2018-01-09T09:35:30","modified_gmt":"2018-01-09T08:35:30","slug":"sanita-prc-potere-al-popolo-no-alle-chiusure-per-risparmiare","status":"publish","type":"post","link":"https:\/\/www.brundisium.net\/index.php\/sanita-prc-potere-al-popolo-no-alle-chiusure-per-risparmiare\/","title":{"rendered":"Sanit\u00e0, PRC &#8211; Potere al Popolo: &#8220;no alle chiusure per risparmiare&#8221;"},"content":{"rendered":"<p><a href=\"http:\/\/www.brundisium.net\/brun\/wp-content\/uploads\/2018\/01\/pap-scuro.png\"><img loading=\"lazy\" decoding=\"async\" class=\"alignleft size-medium wp-image-122405\" src=\"http:\/\/www.brundisium.net\/brun\/wp-content\/uploads\/2018\/01\/pap-scuro-297x300.png\" alt=\"\" width=\"297\" height=\"300\" srcset=\"https:\/\/www.brundisium.net\/brun\/wp-content\/uploads\/2018\/01\/pap-scuro-297x300.png 297w, https:\/\/www.brundisium.net\/brun\/wp-content\/uploads\/2018\/01\/pap-scuro-768x777.png 768w, https:\/\/www.brundisium.net\/brun\/wp-content\/uploads\/2018\/01\/pap-scuro-1012x1024.png 1012w, https:\/\/www.brundisium.net\/brun\/wp-content\/uploads\/2018\/01\/pap-scuro-60x60.png 60w, https:\/\/www.brundisium.net\/brun\/wp-content\/uploads\/2018\/01\/pap-scuro.png 2000w\" sizes=\"auto, (max-width: 297px) 100vw, 297px\" \/><br \/>\n<\/a>Un\u2019altra chiusura, un\u2019altra ferita alla gi\u00e0 martoriata sanit\u00e0 brindisina. Questa volta si tratta della chiusura del Servizio Psichiatrico Diagnosi e Cura (SPDC) di S. Pietro V.co, con \u201caccorpamento temporaneo\u201d dei posti letto al SPDC del \u201cPerrino\u201d di Brindisi a partire dal 01 gennaio 2018, nelle more dell\u2019apertura del SPDC presso l\u2019Ospedale di Francavilla Fontana, come previsto dallo stesso Piano di Riordino della rete ospedaliera della Puglia. Tuttavia temiamo che l\u2019apertura del secondo SPDC rischi di non avvenire mai pi\u00f9, viste le motivazioni addotte (\u201cla carenza di personale medico che risulta difficile reclutare nel breve termine\u2026\u201d; la mancata ristrutturazione di spazi presso il P.O. di Francavilla Fontana cui solo ora si darebbe l\u2019avvio) per chiudere al \u201cMelli\u201d. E\u2019 difficile invece comprendere le motivazioni che non hanno reso possibile la contestualit\u00e0 della chiusura di un reparto e l\u2019attivazione dell\u2019altro, evitando malesseri ad utenti e ad operatori.<\/p>\n<p>Vi \u00e8 una grave omissione organizzativa del management della ASL BR o vi \u00e8 una pervicace determinazione a CHIUDERE, facendo morire il Servizio Sanitario pubblico, che \u00e8 la filosofia di fondo del Governatore Emiliano?<\/p>\n<p>Purtroppo questa volta tocca ad una fascia debole della popolazione, che non ha voce per farsi sentire, che avrebbe diritto ad 1 posto letto per 10.000 abitanti (vedi DM 70 del 2015), a servizi territoriali aperti h12, a CSM sperimentali h24, a dotazioni organiche adeguate a svolgere il delicato e difficile compito della cura e della care delle persone che soffrono di patologia mentale (dotazioni organiche pure gi\u00e0 definite dalla stessa Regione Puglia, con il DIEF 2007 per il CSM, con il DIEF 2009 per il SPDC, ma mai realizzate), in grado di \u201cfare salute mentale\u201d su tutto il territorio, che finora si \u00e8 retto sul sacrificio, la buona volont\u00e0 e l\u2019impegno professionale degli operatori dei servizi. Invece si va sotto il numero minimo di posti letto, con servizi territoriali depauperati di risorse, con la reale possibilit\u00e0 di vedere incrementata la pratica dei ricoveri fuori ASL, decontestualizzati dal territorio, dalla famiglia e dalla continuit\u00e0 terapeutica Territorio\u2013Ospedale.<\/p>\n<p>Peraltro non \u00e8 stato ancora avviato il PTA di S. Pietro V.co venendo meno anche in questo caso la necessaria contestualit\u00e0 tra chiusure di reparti e la apertura dei servizi previsti nell\u2019istituendo PTA, alcuni dei quali saranno affidati, in via sperimentale, ai privati, in assenza di un reale potenziamento del territorio.<\/p>\n<p>&nbsp;<\/p>\n<p>A ci\u00f2 sommiamo la chiusura del laboratorio analisi del \u201cDi Summa\u201d a Brindisi oltre che al \u201cMelli\u201d di San Pietro, con conseguenze ancor pi\u00f9 gravi per il \u201c Perrino\u201d di Brindisi.<\/p>\n<p>&nbsp;<\/p>\n<p>Per questo chiediamo che vi sia da parte del Governatore Emiliano una assunzione di responsabilit\u00e0 che vada verso la soluzione dei problemi, non verso la mera chiusura di servizi che aggravano la gi\u00e0 precaria situazione del servizio sanitario pubblico e del DSM nel nostro territorio.<\/p>\n<p>Risparmiare per NON chiudere, .<\/p>\n<p>&nbsp;<\/p>\n<p><em><strong>Fuvio Picoco Resp. Sanit\u00e0 PRC-POTERE AL POPOLO Brindisi<\/strong><\/em><br \/>\n<em><strong> Ivano Valente Segr. PRC Brindisi<\/strong><\/em><\/p>\n","protected":false},"excerpt":{"rendered":"<p>Un\u2019altra chiusura, un\u2019altra ferita alla gi\u00e0 martoriata sanit\u00e0 brindisina. Questa volta si tratta della chiusura del Servizio Psichiatrico Diagnosi e Cura (SPDC) di S. Pietro V.co, con \u201caccorpamento temporaneo\u201d dei posti letto al SPDC del \u201cPerrino\u201d di Brindisi a partire dal 01 gennaio 2018, nelle more dell\u2019apertura del SPDC presso l\u2019Ospedale di Francavilla Fontana, come previsto dallo stesso Piano di Riordino della rete ospedaliera della Puglia. Tuttavia temiamo che l\u2019apertura del secondo SPDC rischi di non avvenire mai pi\u00f9, viste le motivazioni addotte (\u201cla carenza di personale medico che risulta difficile reclutare nel breve termine\u2026\u201d; la mancata ristrutturazione di spazi presso il P.O. di Francavilla Fontana cui solo ora si darebbe l\u2019avvio) per chiudere al \u201cMelli\u201d. E\u2019 difficile invece comprendere le motivazioni che non hanno reso possibile la contestualit\u00e0 della chiusura di un reparto e l\u2019attivazione dell\u2019altro, evitando malesseri ad utenti e ad operatori. Vi \u00e8 una grave omissione organizzativa del management della ASL BR o vi \u00e8 una pervicace determinazione a CHIUDERE, facendo morire il Servizio Sanitario pubblico, che&#8230;<\/p>\n","protected":false},"author":2,"featured_media":122405,"comment_status":"open","ping_status":"closed","sticky":false,"template":"","format":"standard","meta":{"footnotes":""},"categories":[7],"tags":[5462],"class_list":["post-122404","post","type-post","status-publish","format-standard","has-post-thumbnail","hentry","category-news","tag-prc-potere-al-popolo"],"_links":{"self":[{"href":"https:\/\/www.brundisium.net\/index.php\/wp-json\/wp\/v2\/posts\/122404","targetHints":{"allow":["GET"]}}],"collection":[{"href":"https:\/\/www.brundisium.net\/index.php\/wp-json\/wp\/v2\/posts"}],"about":[{"href":"https:\/\/www.brundisium.net\/index.php\/wp-json\/wp\/v2\/types\/post"}],"author":[{"embeddable":true,"href":"https:\/\/www.brundisium.net\/index.php\/wp-json\/wp\/v2\/users\/2"}],"replies":[{"embeddable":true,"href":"https:\/\/www.brundisium.net\/index.php\/wp-json\/wp\/v2\/comments?post=122404"}],"version-history":[{"count":1,"href":"https:\/\/www.brundisium.net\/index.php\/wp-json\/wp\/v2\/posts\/122404\/revisions"}],"predecessor-version":[{"id":122406,"href":"https:\/\/www.brundisium.net\/index.php\/wp-json\/wp\/v2\/posts\/122404\/revisions\/122406"}],"wp:featuredmedia":[{"embeddable":true,"href":"https:\/\/www.brundisium.net\/index.php\/wp-json\/wp\/v2\/media\/122405"}],"wp:attachment":[{"href":"https:\/\/www.brundisium.net\/index.php\/wp-json\/wp\/v2\/media?parent=122404"}],"wp:term":[{"taxonomy":"category","embeddable":true,"href":"https:\/\/www.brundisium.net\/index.php\/wp-json\/wp\/v2\/categories?post=122404"},{"taxonomy":"post_tag","embeddable":true,"href":"https:\/\/www.brundisium.net\/index.php\/wp-json\/wp\/v2\/tags?post=122404"}],"curies":[{"name":"wp","href":"https:\/\/api.w.org\/{rel}","templated":true}]}}