{"id":122419,"date":"2018-01-08T12:36:01","date_gmt":"2018-01-08T11:36:01","guid":{"rendered":"http:\/\/www.brundisium.net\/?p=122419"},"modified":"2018-01-09T09:32:39","modified_gmt":"2018-01-09T08:32:39","slug":"brindisi-socialista-presentera-una-lista-alle-comunali","status":"publish","type":"post","link":"https:\/\/www.brundisium.net\/index.php\/brindisi-socialista-presentera-una-lista-alle-comunali\/","title":{"rendered":"Brindisi Socialista presenter\u00e0 una lista alle comunali"},"content":{"rendered":"<p>Si \u00e8 riunita la Segreteria ed il gruppo dirigente del Coordinamento provinciale di BRINDISI SOCIALISTA per discutere sulle problematiche che la citt\u00e0 di Brindisi continua a subire.<br \/>\nNei numerosi interventi che hanno arricchito la discussione \u00e8 stato evidenziato il degrado, non solo sociale, in cui versa a causa della mancanza di un progetto politico ed amministrativo che nel tempo ha aggravato la situazione.<br \/>\nSi \u00e8 discusso della sanit\u00e0 e dei guai che sta producendo al gi\u00e0 tormentato settore, oggetto di un riordino ospedaliero studiato sulla carta ed entrato da subito in conflitto con i bisogni dei cittadini, soprattutto i meno abbienti, della disoccupazione giovanile, di un sistema di rappresentanza politica locale, e non solo, che negli ultimi anni nulla ha proposto e realizzato per migliorare una situazione cos\u00ec grave e complicata, dal punto di vista economico, di interi settori produttivi vitali.<br \/>\nAlla fine del dibattito la Segreteria ed il gruppo dirigente di BRINDISI SOCIALISTA, con decisione unanime, ha deciso di presentarsi con suoi candidati alla prossima tornata elettorale perch\u00e9 si \u00e8 ritenuto opportuno partecipare all\u2019elezione dei futuri rappresentanti della citt\u00e0 per dare un contributo di proposte ed idee utili per recuperare, finalmente, dignit\u00e0 e prestigio.<br \/>\nSiamo convinti delle grandi potenzialit\u00e0 del territorio e che sia necessaria una guida sicura che riporti all\u2019attenzione della politica che ci rappresenta ai vari livelli istituzionali che Brindisi non \u00e8 figlia di nessuno, \u00e8 al contrario, figlia della Puglia e dell\u2019Italia.<\/p>\n","protected":false},"excerpt":{"rendered":"<p>Si \u00e8 riunita la Segreteria ed il gruppo dirigente del Coordinamento provinciale di BRINDISI SOCIALISTA per discutere sulle problematiche che la citt\u00e0 di Brindisi continua a subire. Nei numerosi interventi che hanno arricchito la discussione \u00e8 stato evidenziato il degrado, non solo sociale, in cui versa a causa della mancanza di un progetto politico ed amministrativo che nel tempo ha aggravato la situazione. Si \u00e8 discusso della sanit\u00e0 e dei guai che sta producendo al gi\u00e0 tormentato settore, oggetto di un riordino ospedaliero studiato sulla carta ed entrato da subito in conflitto con i bisogni dei cittadini, soprattutto i meno abbienti, della disoccupazione giovanile, di un sistema di rappresentanza politica locale, e non solo, che negli ultimi anni nulla ha proposto e realizzato per migliorare una situazione cos\u00ec grave e complicata, dal punto di vista economico, di interi settori produttivi vitali. Alla fine del dibattito la Segreteria ed il gruppo dirigente di BRINDISI SOCIALISTA, con decisione unanime, ha deciso di presentarsi con suoi candidati alla prossima tornata elettorale perch\u00e9 si&#8230;<\/p>\n","protected":false},"author":2,"featured_media":29177,"comment_status":"open","ping_status":"closed","sticky":false,"template":"","format":"standard","meta":{"footnotes":""},"categories":[7],"tags":[4375],"class_list":["post-122419","post","type-post","status-publish","format-standard","has-post-thumbnail","hentry","category-news","tag-brindisi-socialista"],"_links":{"self":[{"href":"https:\/\/www.brundisium.net\/index.php\/wp-json\/wp\/v2\/posts\/122419","targetHints":{"allow":["GET"]}}],"collection":[{"href":"https:\/\/www.brundisium.net\/index.php\/wp-json\/wp\/v2\/posts"}],"about":[{"href":"https:\/\/www.brundisium.net\/index.php\/wp-json\/wp\/v2\/types\/post"}],"author":[{"embeddable":true,"href":"https:\/\/www.brundisium.net\/index.php\/wp-json\/wp\/v2\/users\/2"}],"replies":[{"embeddable":true,"href":"https:\/\/www.brundisium.net\/index.php\/wp-json\/wp\/v2\/comments?post=122419"}],"version-history":[{"count":1,"href":"https:\/\/www.brundisium.net\/index.php\/wp-json\/wp\/v2\/posts\/122419\/revisions"}],"predecessor-version":[{"id":122420,"href":"https:\/\/www.brundisium.net\/index.php\/wp-json\/wp\/v2\/posts\/122419\/revisions\/122420"}],"wp:featuredmedia":[{"embeddable":true,"href":"https:\/\/www.brundisium.net\/index.php\/wp-json\/wp\/v2\/media\/29177"}],"wp:attachment":[{"href":"https:\/\/www.brundisium.net\/index.php\/wp-json\/wp\/v2\/media?parent=122419"}],"wp:term":[{"taxonomy":"category","embeddable":true,"href":"https:\/\/www.brundisium.net\/index.php\/wp-json\/wp\/v2\/categories?post=122419"},{"taxonomy":"post_tag","embeddable":true,"href":"https:\/\/www.brundisium.net\/index.php\/wp-json\/wp\/v2\/tags?post=122419"}],"curies":[{"name":"wp","href":"https:\/\/api.w.org\/{rel}","templated":true}]}}