{"id":122459,"date":"2018-01-09T08:59:14","date_gmt":"2018-01-09T07:59:14","guid":{"rendered":"http:\/\/www.brundisium.net\/?p=122459"},"modified":"2018-01-09T09:30:26","modified_gmt":"2018-01-09T08:30:26","slug":"la-passione-ad-ostuni-questanno-sara-opera-paese","status":"publish","type":"post","link":"https:\/\/www.brundisium.net\/index.php\/la-passione-ad-ostuni-questanno-sara-opera-paese\/","title":{"rendered":"La Passione ad Ostuni quest&#8217;anno sar\u00e0 &#8220;Opera Paese&#8221;"},"content":{"rendered":"<p>Opera Paese, \u00e8 questo il sottotitolo che accompagner\u00e0 la IV edizione della &#8220;Passione&#8221; di Ostuni.<\/p>\n<p>&nbsp;<\/p>\n<p>&#8220;Ancora una volta rimarchiamo la collegialit\u00e0 di questo evento&#8221; fanno sapere dell&#8217;associazione Terra, organizzatrice della rievocazione, &#8220;e le due parole di quest&#8217;anno, suggeriteci come ogni anno dal direttore artistico, ne tracciano la definizione, nell&#8217;ottica del proseguimento dell&#8217;intuizione originaria di &#8220;evento di comunit\u00e0.&#8221; E per svelare proprio il nome del direttore artistico della edizione 2018, l&#8217;associazione ha deciso di condividerlo attraverso una diretta social: mercoled\u00ec alle ore 19.00 sulla pagine istituzionale facebook di Passione (https:\/\/www.facebook.com\/passioneostuniofficial\/).<\/p>\n<p>&nbsp;<\/p>\n<p>Dopo 3 anni intensi di coinvolgimento della comunit\u00e0 ostunese e di quelle limitrofe, con 2 direttori artistici di valore indiscusso e di origine locale (Vittorio Continelli e Giuseppe Convertini), il 2018 segner\u00e0 l&#8217;apertura verso un orizzonte pi\u00f9 vasto grazie alla collaborazione con uno scrittore, giornalista e sceneggiatore teatrale di fama nazionale e internazionale: &#8220;Abbiamo scelto per il 2018 di non fare una presentazione fisica del direttore artistico ma di permettere da subito ai pi\u00f9 di conoscerlo. &#8211; dicono i soci di Terra &#8211; Per questo la scelta del social attraverso il quale sar\u00e0 possibile non solo conoscere il direttore artistico ma anche interfacciarsi con lui e con l&#8217;organizzazione prima di passare alla fase operativa che porter\u00e0 all&#8217;evento del prossimo 25 marzo.&#8221;<\/p>\n","protected":false},"excerpt":{"rendered":"<p>Opera Paese, \u00e8 questo il sottotitolo che accompagner\u00e0 la IV edizione della &#8220;Passione&#8221; di Ostuni. &nbsp; &#8220;Ancora una volta rimarchiamo la collegialit\u00e0 di questo evento&#8221; fanno sapere dell&#8217;associazione Terra, organizzatrice della rievocazione, &#8220;e le due parole di quest&#8217;anno, suggeriteci come ogni anno dal direttore artistico, ne tracciano la definizione, nell&#8217;ottica del proseguimento dell&#8217;intuizione originaria di &#8220;evento di comunit\u00e0.&#8221; E per svelare proprio il nome del direttore artistico della edizione 2018, l&#8217;associazione ha deciso di condividerlo attraverso una diretta social: mercoled\u00ec alle ore 19.00 sulla pagine istituzionale facebook di Passione (https:\/\/www.facebook.com\/passioneostuniofficial\/). &nbsp; Dopo 3 anni intensi di coinvolgimento della comunit\u00e0 ostunese e di quelle limitrofe, con 2 direttori artistici di valore indiscusso e di origine locale (Vittorio Continelli e Giuseppe Convertini), il 2018 segner\u00e0 l&#8217;apertura verso un orizzonte pi\u00f9 vasto grazie alla collaborazione con uno scrittore, giornalista e sceneggiatore teatrale di fama nazionale e internazionale: &#8220;Abbiamo scelto per il 2018 di non fare una presentazione fisica del direttore artistico ma di permettere da subito ai pi\u00f9 di conoscerlo. &#8211; dicono i&#8230;<\/p>\n","protected":false},"author":2,"featured_media":122466,"comment_status":"open","ping_status":"closed","sticky":false,"template":"","format":"standard","meta":{"footnotes":""},"categories":[7],"tags":[53,5455],"class_list":["post-122459","post","type-post","status-publish","format-standard","has-post-thumbnail","hentry","category-news","tag-ostuni","tag-pasisone"],"_links":{"self":[{"href":"https:\/\/www.brundisium.net\/index.php\/wp-json\/wp\/v2\/posts\/122459","targetHints":{"allow":["GET"]}}],"collection":[{"href":"https:\/\/www.brundisium.net\/index.php\/wp-json\/wp\/v2\/posts"}],"about":[{"href":"https:\/\/www.brundisium.net\/index.php\/wp-json\/wp\/v2\/types\/post"}],"author":[{"embeddable":true,"href":"https:\/\/www.brundisium.net\/index.php\/wp-json\/wp\/v2\/users\/2"}],"replies":[{"embeddable":true,"href":"https:\/\/www.brundisium.net\/index.php\/wp-json\/wp\/v2\/comments?post=122459"}],"version-history":[{"count":1,"href":"https:\/\/www.brundisium.net\/index.php\/wp-json\/wp\/v2\/posts\/122459\/revisions"}],"predecessor-version":[{"id":122467,"href":"https:\/\/www.brundisium.net\/index.php\/wp-json\/wp\/v2\/posts\/122459\/revisions\/122467"}],"wp:featuredmedia":[{"embeddable":true,"href":"https:\/\/www.brundisium.net\/index.php\/wp-json\/wp\/v2\/media\/122466"}],"wp:attachment":[{"href":"https:\/\/www.brundisium.net\/index.php\/wp-json\/wp\/v2\/media?parent=122459"}],"wp:term":[{"taxonomy":"category","embeddable":true,"href":"https:\/\/www.brundisium.net\/index.php\/wp-json\/wp\/v2\/categories?post=122459"},{"taxonomy":"post_tag","embeddable":true,"href":"https:\/\/www.brundisium.net\/index.php\/wp-json\/wp\/v2\/tags?post=122459"}],"curies":[{"name":"wp","href":"https:\/\/api.w.org\/{rel}","templated":true}]}}