{"id":122493,"date":"2018-01-09T13:27:14","date_gmt":"2018-01-09T12:27:14","guid":{"rendered":"http:\/\/www.brundisium.net\/?p=122493"},"modified":"2018-01-09T22:33:57","modified_gmt":"2018-01-09T21:33:57","slug":"si-apre-uno-spiraglio-per-la-riapertura-al-pubblico-della-biblioteca-provinciale-di-brindisi-presto-i-lavori-di-rifunzionalizzazione","status":"publish","type":"post","link":"https:\/\/www.brundisium.net\/index.php\/si-apre-uno-spiraglio-per-la-riapertura-al-pubblico-della-biblioteca-provinciale-di-brindisi-presto-i-lavori-di-rifunzionalizzazione\/","title":{"rendered":"Si apre uno spiraglio per la riapertura al pubblico della Biblioteca Provinciale di Brindisi. Presto i lavori di rifunzionalizzazione"},"content":{"rendered":"<p>Si apre uno spiraglio per la riapertura al pubblico della Biblioteca Provinciale di Brindisi.<br \/>\nE&#8217; scaduto oggi, infatti, il termine per la presentazione delle offerte per il bando della Regione Puglia inerente i &#8220;Lavori di efficientamento energetico e rifunzionalizzazione degli spazi ed impianti a servizio della sede della Biblioteca Provinciale in via Commenda a Brindisi&#8221;.<\/p>\n<p>L&#8217;importo dei lavori a base d&#8217;asta era di \u20ac. 237.779,73 mentre l&#8217;offerta economica pi\u00f9 svantaggiosa rappresentava il criterio di aggiudicazione prescelto.<\/p>\n<p>Stamattina era prevista la prima seduta per la valutazione delle offerte. <\/p>\n<p>La speranza comune \u00e8 che si faccia presto perch\u00e9 \u00e8 gi\u00e0 tardi: Brindisi non pu\u00f2 restare ancora senza un luogo vitale come la sua biblioteca. <\/p>\n","protected":false},"excerpt":{"rendered":"<p>Si apre uno spiraglio per la riapertura al pubblico della Biblioteca Provinciale di Brindisi. E&#8217; scaduto oggi, infatti, il termine per la presentazione delle offerte per il bando della Regione Puglia inerente i &#8220;Lavori di efficientamento energetico e rifunzionalizzazione degli spazi ed impianti a servizio della sede della Biblioteca Provinciale in via Commenda a Brindisi&#8221;. L&#8217;importo dei lavori a base d&#8217;asta era di \u20ac. 237.779,73 mentre l&#8217;offerta economica pi\u00f9 svantaggiosa rappresentava il criterio di aggiudicazione prescelto. Stamattina era prevista la prima seduta per la valutazione delle offerte. La speranza comune \u00e8 che si faccia presto perch\u00e9 \u00e8 gi\u00e0 tardi: Brindisi non pu\u00f2 restare ancora senza un luogo vitale come la sua biblioteca.<\/p>\n","protected":false},"author":2,"featured_media":37985,"comment_status":"open","ping_status":"closed","sticky":false,"template":"","format":"standard","meta":{"footnotes":""},"categories":[7],"tags":[5249],"class_list":["post-122493","post","type-post","status-publish","format-standard","has-post-thumbnail","hentry","category-news","tag-biblioteca-provinciale"],"_links":{"self":[{"href":"https:\/\/www.brundisium.net\/index.php\/wp-json\/wp\/v2\/posts\/122493","targetHints":{"allow":["GET"]}}],"collection":[{"href":"https:\/\/www.brundisium.net\/index.php\/wp-json\/wp\/v2\/posts"}],"about":[{"href":"https:\/\/www.brundisium.net\/index.php\/wp-json\/wp\/v2\/types\/post"}],"author":[{"embeddable":true,"href":"https:\/\/www.brundisium.net\/index.php\/wp-json\/wp\/v2\/users\/2"}],"replies":[{"embeddable":true,"href":"https:\/\/www.brundisium.net\/index.php\/wp-json\/wp\/v2\/comments?post=122493"}],"version-history":[{"count":3,"href":"https:\/\/www.brundisium.net\/index.php\/wp-json\/wp\/v2\/posts\/122493\/revisions"}],"predecessor-version":[{"id":122496,"href":"https:\/\/www.brundisium.net\/index.php\/wp-json\/wp\/v2\/posts\/122493\/revisions\/122496"}],"wp:featuredmedia":[{"embeddable":true,"href":"https:\/\/www.brundisium.net\/index.php\/wp-json\/wp\/v2\/media\/37985"}],"wp:attachment":[{"href":"https:\/\/www.brundisium.net\/index.php\/wp-json\/wp\/v2\/media?parent=122493"}],"wp:term":[{"taxonomy":"category","embeddable":true,"href":"https:\/\/www.brundisium.net\/index.php\/wp-json\/wp\/v2\/categories?post=122493"},{"taxonomy":"post_tag","embeddable":true,"href":"https:\/\/www.brundisium.net\/index.php\/wp-json\/wp\/v2\/tags?post=122493"}],"curies":[{"name":"wp","href":"https:\/\/api.w.org\/{rel}","templated":true}]}}