{"id":122540,"date":"2018-01-10T12:29:56","date_gmt":"2018-01-10T11:29:56","guid":{"rendered":"http:\/\/www.brundisium.net\/?p=122540"},"modified":"2018-01-12T14:26:59","modified_gmt":"2018-01-12T13:26:59","slug":"lasl-avvia-campagna-informativa-per-il-corretto-uso-degli-antibiotici","status":"publish","type":"post","link":"https:\/\/www.brundisium.net\/index.php\/lasl-avvia-campagna-informativa-per-il-corretto-uso-degli-antibiotici\/","title":{"rendered":"L&#8217;Asl avvia campagna informativa per il corretto uso degli antibiotici"},"content":{"rendered":"<p>Partita la campagna informativa per il corretto uso degli antibiotici con uno spazio dedicato sul sito istituzionale contenente informazioni utili per l\u2019utenza con l\u2019obiettivo di contrastare il fenomeno dell\u2019antibiotico-resistenza.<\/p>\n<p>L\u2019antibiotico-resistenza costituisce oggi un serio problema di salute pubblica in tutti i Paesi europei, tanto da spingere istituzioni internazionali come l\u2019OMS a lanciare l\u2019allarme.<\/p>\n<p>In tale ottica l\u2019Agenzia Italiana del Farmaco, l\u2019Istituto Superiore di Sanit\u00e0 e il Ministero del Lavoro, della Salute e delle Politiche Sociali, gi\u00e0 da qualche anno promuovono campagne di comunicazione rivolte ai cittadini sul corretto uso degli antibiotici per contribuire a contrastare il fenomeno. L\u2019Italia \u00e8 uno dei Paesi europei con il pi\u00f9 alto consumo di antibiotici e la Puglia \u00e8 tra le prime regioni in Italia per il consumo di questa tipologia di farmaci.<\/p>\n<p>&nbsp;<\/p>\n<p>Da fonte AIFA gli antibiotici rappresentano una delle categorie farmacologiche che risente maggiormente del fattore della stagionalit\u00e0: i picchi pi\u00f9 alti di utilizzo si verificano nei mesi di gennaio e febbraio, che rendono i consumi quasi doppi rispetto ai mesi di luglio e agosto, in concomitanza con la crescita dei casi di influenza che avviene, generalmente, tra gennaio e marzo. Questo dato fa supporre che l\u2019aumento del consumo di antibiotici \u00e8 collegato alle sindromi influenzali, in cui l&#8217;uso degli antibiotici non \u00e8 sempre indicato se non in caso di gravi complicanze e solo previa prescrizione di un medico.<\/p>\n<p>&nbsp;<\/p>\n<p>Per questo motivo, vista l\u2019epidemia di influenza in atto, abbiamo voluto creare uno spazio informativo di utilit\u00e0 per i cittadini che invita al consumo responsabile dell\u2019antibiotico.<\/p>\n<p>&nbsp;<\/p>\n<p>La campagna, che sar\u00e0 diffusa su differenti canali, \u00e8 stata elaborata dalla Struttura Informazione e Comunicazione Istituzionale in collaborazione con l\u2019Area Gestione Servizio Farmaceutico.<\/p>\n<p>&nbsp;<\/p>\n<p>Allo spazio dedicato sul sito istituzionale si accede tramite il men\u00f9 Assistenza &#8211; Informazioni &#8211; Corretto uso antibiotici a questo link<br \/>\nhttps:\/\/www.sanita.puglia.it\/web\/asl-brindisi\/corretto-uso-degli-antibiotici<\/p>\n<p>&nbsp;<\/p>\n<p>&nbsp;<\/p>\n<p><em><strong>UFFICIO STAMPA ASL BR<\/strong><\/em><\/p>\n","protected":false},"excerpt":{"rendered":"<p>Partita la campagna informativa per il corretto uso degli antibiotici con uno spazio dedicato sul sito istituzionale contenente informazioni utili per l\u2019utenza con l\u2019obiettivo di contrastare il fenomeno dell\u2019antibiotico-resistenza. L\u2019antibiotico-resistenza costituisce oggi un serio problema di salute pubblica in tutti i Paesi europei, tanto da spingere istituzioni internazionali come l\u2019OMS a lanciare l\u2019allarme. In tale ottica l\u2019Agenzia Italiana del Farmaco, l\u2019Istituto Superiore di Sanit\u00e0 e il Ministero del Lavoro, della Salute e delle Politiche Sociali, gi\u00e0 da qualche anno promuovono campagne di comunicazione rivolte ai cittadini sul corretto uso degli antibiotici per contribuire a contrastare il fenomeno. L\u2019Italia \u00e8 uno dei Paesi europei con il pi\u00f9 alto consumo di antibiotici e la Puglia \u00e8 tra le prime regioni in Italia per il consumo di questa tipologia di farmaci. &nbsp; Da fonte AIFA gli antibiotici rappresentano una delle categorie farmacologiche che risente maggiormente del fattore della stagionalit\u00e0: i picchi pi\u00f9 alti di utilizzo si verificano nei mesi di gennaio e febbraio, che rendono i consumi quasi doppi rispetto ai mesi di&#8230;<\/p>\n","protected":false},"author":2,"featured_media":122542,"comment_status":"open","ping_status":"closed","sticky":false,"template":"","format":"standard","meta":{"footnotes":""},"categories":[7],"tags":[778],"class_list":["post-122540","post","type-post","status-publish","format-standard","has-post-thumbnail","hentry","category-news","tag-asl-brindisi"],"_links":{"self":[{"href":"https:\/\/www.brundisium.net\/index.php\/wp-json\/wp\/v2\/posts\/122540","targetHints":{"allow":["GET"]}}],"collection":[{"href":"https:\/\/www.brundisium.net\/index.php\/wp-json\/wp\/v2\/posts"}],"about":[{"href":"https:\/\/www.brundisium.net\/index.php\/wp-json\/wp\/v2\/types\/post"}],"author":[{"embeddable":true,"href":"https:\/\/www.brundisium.net\/index.php\/wp-json\/wp\/v2\/users\/2"}],"replies":[{"embeddable":true,"href":"https:\/\/www.brundisium.net\/index.php\/wp-json\/wp\/v2\/comments?post=122540"}],"version-history":[{"count":1,"href":"https:\/\/www.brundisium.net\/index.php\/wp-json\/wp\/v2\/posts\/122540\/revisions"}],"predecessor-version":[{"id":122543,"href":"https:\/\/www.brundisium.net\/index.php\/wp-json\/wp\/v2\/posts\/122540\/revisions\/122543"}],"wp:featuredmedia":[{"embeddable":true,"href":"https:\/\/www.brundisium.net\/index.php\/wp-json\/wp\/v2\/media\/122542"}],"wp:attachment":[{"href":"https:\/\/www.brundisium.net\/index.php\/wp-json\/wp\/v2\/media?parent=122540"}],"wp:term":[{"taxonomy":"category","embeddable":true,"href":"https:\/\/www.brundisium.net\/index.php\/wp-json\/wp\/v2\/categories?post=122540"},{"taxonomy":"post_tag","embeddable":true,"href":"https:\/\/www.brundisium.net\/index.php\/wp-json\/wp\/v2\/tags?post=122540"}],"curies":[{"name":"wp","href":"https:\/\/api.w.org\/{rel}","templated":true}]}}