{"id":122619,"date":"2018-01-11T15:47:46","date_gmt":"2018-01-11T14:47:46","guid":{"rendered":"http:\/\/www.brundisium.net\/?p=122619"},"modified":"2018-01-11T14:50:22","modified_gmt":"2018-01-11T13:50:22","slug":"ripristinato-il-doppio-senso-di-marcia-al-traffico-veicolare-in-piazza-della-liberta","status":"publish","type":"post","link":"https:\/\/www.brundisium.net\/index.php\/ripristinato-il-doppio-senso-di-marcia-al-traffico-veicolare-in-piazza-della-liberta\/","title":{"rendered":"Ripristinato il doppio senso di marcia al traffico veicolare in Piazza della Libert\u00e0"},"content":{"rendered":"<p>Attivo nuovamente da oggi, gioved\u00ec 11 gennaio, il doppio senso di marcia per la circolazione dei veicoli in Piazza della Libert\u00e0, a seguito dello smantellamento dei dehors e delle strutture che permettono alle attivit\u00e0 commerciali di accogliere l\u2019utenza all\u2019esterno. <\/p>\n<p>Per chi arriva in piazza da Viale Vittorio Emanuele II sar\u00e0 dunque possibile proseguire dritto verso Viale Mazzini, anzich\u00e9 rispettare l\u2019obbligo di svolta a destra in corrispondenza di Largo Lanza. <\/p>\n<p>Scaduta il 31 dicembre scorso la concessione per la richiesta e l\u2019occupazione di suolo pubblico, l\u2019amministrazione comunale ha disposto l\u2019anticipo della riapertura al traffico veicolare in entrambi i sensi di marcia, la cui entrata in vigore era prevista per il prossimo 14 gennaio. <\/p>\n<p>\u00abCostantemente attenta alle esigenze dei cittadini \u2013 spiega il Sindaco Gianfranco Coppola \u2013 l\u2019amministrazione cerca di entrare nel merito delle dinamiche che si verificano con l\u2019approvazione delle misure implementate. Al di l\u00e0 delle polemiche strumentali proliferate sui social network sin da quando abbiamo deciso di regolamentare l\u2019uso del suolo pubblico per le attivit\u00e0 commerciali di Piazza della Libert\u00e0 e delle immediate vicinanze, riteniamo sia giusto ripristinare il doppio senso di marcia al traffico veicolare, almeno fino a quando sar\u00e0 resa nuovamente possibile l\u2019installazione dei dehors\u00bb.<\/p>\n<p>Intanto l\u2019assessorato alle Attivit\u00e0 Produttive \u00e8 alle prese con la rimodulazione del regolamento, per disporre il rilascio delle nuove autorizzazioni sull\u2019uso del suolo pubblico nei tempi utili alla pianificazione della nova stagione turistica.<\/p>\n","protected":false},"excerpt":{"rendered":"<p>Attivo nuovamente da oggi, gioved\u00ec 11 gennaio, il doppio senso di marcia per la circolazione dei veicoli in Piazza della Libert\u00e0, a seguito dello smantellamento dei dehors e delle strutture che permettono alle attivit\u00e0 commerciali di accogliere l\u2019utenza all\u2019esterno. Per chi arriva in piazza da Viale Vittorio Emanuele II sar\u00e0 dunque possibile proseguire dritto verso Viale Mazzini, anzich\u00e9 rispettare l\u2019obbligo di svolta a destra in corrispondenza di Largo Lanza. Scaduta il 31 dicembre scorso la concessione per la richiesta e l\u2019occupazione di suolo pubblico, l\u2019amministrazione comunale ha disposto l\u2019anticipo della riapertura al traffico veicolare in entrambi i sensi di marcia, la cui entrata in vigore era prevista per il prossimo 14 gennaio. \u00abCostantemente attenta alle esigenze dei cittadini \u2013 spiega il Sindaco Gianfranco Coppola \u2013 l\u2019amministrazione cerca di entrare nel merito delle dinamiche che si verificano con l\u2019approvazione delle misure implementate. Al di l\u00e0 delle polemiche strumentali proliferate sui social network sin da quando abbiamo deciso di regolamentare l\u2019uso del suolo pubblico per le attivit\u00e0 commerciali di Piazza della Libert\u00e0&#8230;<\/p>\n","protected":false},"author":2,"featured_media":122629,"comment_status":"open","ping_status":"closed","sticky":false,"template":"","format":"standard","meta":{"footnotes":""},"categories":[7],"tags":[53],"class_list":["post-122619","post","type-post","status-publish","format-standard","has-post-thumbnail","hentry","category-news","tag-ostuni"],"_links":{"self":[{"href":"https:\/\/www.brundisium.net\/index.php\/wp-json\/wp\/v2\/posts\/122619","targetHints":{"allow":["GET"]}}],"collection":[{"href":"https:\/\/www.brundisium.net\/index.php\/wp-json\/wp\/v2\/posts"}],"about":[{"href":"https:\/\/www.brundisium.net\/index.php\/wp-json\/wp\/v2\/types\/post"}],"author":[{"embeddable":true,"href":"https:\/\/www.brundisium.net\/index.php\/wp-json\/wp\/v2\/users\/2"}],"replies":[{"embeddable":true,"href":"https:\/\/www.brundisium.net\/index.php\/wp-json\/wp\/v2\/comments?post=122619"}],"version-history":[{"count":1,"href":"https:\/\/www.brundisium.net\/index.php\/wp-json\/wp\/v2\/posts\/122619\/revisions"}],"predecessor-version":[{"id":122630,"href":"https:\/\/www.brundisium.net\/index.php\/wp-json\/wp\/v2\/posts\/122619\/revisions\/122630"}],"wp:featuredmedia":[{"embeddable":true,"href":"https:\/\/www.brundisium.net\/index.php\/wp-json\/wp\/v2\/media\/122629"}],"wp:attachment":[{"href":"https:\/\/www.brundisium.net\/index.php\/wp-json\/wp\/v2\/media?parent=122619"}],"wp:term":[{"taxonomy":"category","embeddable":true,"href":"https:\/\/www.brundisium.net\/index.php\/wp-json\/wp\/v2\/categories?post=122619"},{"taxonomy":"post_tag","embeddable":true,"href":"https:\/\/www.brundisium.net\/index.php\/wp-json\/wp\/v2\/tags?post=122619"}],"curies":[{"name":"wp","href":"https:\/\/api.w.org\/{rel}","templated":true}]}}