{"id":122793,"date":"2018-01-13T19:43:56","date_gmt":"2018-01-13T18:43:56","guid":{"rendered":"http:\/\/www.brundisium.net\/?p=122793"},"modified":"2018-01-18T08:44:01","modified_gmt":"2018-01-18T07:44:01","slug":"il-giardino-vito-santoro","status":"publish","type":"post","link":"https:\/\/www.brundisium.net\/index.php\/il-giardino-vito-santoro\/","title":{"rendered":"Il Giardino. Di Vito Santoro"},"content":{"rendered":"<p>Mio nonno lo chiamava &#8220;il Giardino&#8221;. Era un minuscolo appezzamento di terreno dove lui coltivava frutta e qualche ortaggio. C\u2019era anche un grosso e vecchio albero di mandorle, proprio vicino al pozzo, e qualche vaso con piante ornamentali e fiori. Mio nonno ci teneva molto al suo Giardino, ci andava quasi tutti i giorni. Ogni tanto portava anche me. Appena arrivati mi diceva: &#8220;chiudi gli occhi e tira un profondo respiro&#8221;. Tutte le volte. Poi mi sorrideva senza aggiungere altro. Credo che lui sperasse che quel profumo non lo dimenticassi pi\u00f9 collegandolo per sempre ai miei ricordi. O forse era solo un modo per farmi inebriare dell\u2019aria di quello che lui riteneva un piccolo paradiso.<\/p>\n<p>&nbsp;<\/p>\n<p>Sono trascorsi molti anni e il Giardino non l&#8217;ho pi\u00f9 rivisto. Il ricordo di quel profumo \u00e8 solo un mosaico sbiadito di immagini, un insieme di emozioni irripetibili che il tempo lentamente sta sgretolando ma che non potranno mai svanire del tutto. Ci\u00f2 che era un odore \u00e8 una luce, il viso sorridente di mio nonno, le sue mani, le piante eterne e il cielo amico. E una magnifica sensazione di beatitudine.<\/p>\n<p>&nbsp;<\/p>\n<p>Ogni tanto penso che dovrei mettermi alla ricerca di quel posto, ma poi non lo faccio. Forse temo di non riuscire a ritrovarlo. Non lo so.<\/p>\n<p>&nbsp;<\/p>\n<p>La citt\u00e0 \u00e8 cambiata molto in questi anni, probabilmente al posto del Giardino adesso c&#8217;\u00e8 un complesso residenziale, oppure un capannone industriale, chiss\u00e0. L&#8217;industrializzazione ha assorbito intere porzioni del territorio e da tempo infiammano le polemiche sulle conseguenze di tutto ci\u00f2 sulla salute dei cittadini. Le indagini condotte da medici ed esperti alla ricerca di una correlazione tra l&#8217;incidenza di alcune malattie e l&#8217;impatto ambientale delle centrali e del petrolchimico si accavallano una all&#8217;altra, e i dati rilevati sono tutt&#8217;altro che incoraggianti. I racconti di parenti, amici, colleghi. I reparti sovraffollati delle strutture ospedaliere. Nel frattempo vengono fuori dati apparentemente contrastanti che indicano che i tassi di mortalit\u00e0 dovuti a quelle specifiche malattie rientrano nella media nazionale.<\/p>\n<p>&nbsp;<\/p>\n<p>Secondo l&#8217;Icity Rate del 2017, il recente report realizzato dal laboratorio Icity Lab, struttura che studia le metodologie per rendere le citt\u00e0 pi\u00f9 vivibili, Brindisi si collocherebbe addirittura al quarto posto tra le citt\u00e0 italiane con la migliore qualit\u00e0 dell&#8217;aria.<\/p>\n<p>&nbsp;<\/p>\n<p>E allora? Mi chiedo, dov&#8217;\u00e8 la verit\u00e0? Apro la finestra e mi affaccio. Le nuvole che in questi giorni hanno portato pioggia si stanno diradando e le strade si sono asciugate. Credo sia il momento opportuno. Infilo la tuta e prendo la bici. Il Giardino si trovava nella periferia nord, tra il rione Paradiso e l&#8217;aeroporto. Riuscir\u00f2 a trovarlo. Ne sono certo.<\/p>\n<p>&nbsp;<\/p>\n<p><em><strong>Vito Santoro<\/strong><\/em><\/p>\n","protected":false},"excerpt":{"rendered":"<p>Mio nonno lo chiamava &#8220;il Giardino&#8221;. Era un minuscolo appezzamento di terreno dove lui coltivava frutta e qualche ortaggio. C\u2019era anche un grosso e vecchio albero di mandorle, proprio vicino al pozzo, e qualche vaso con piante ornamentali e fiori. Mio nonno ci teneva molto al suo Giardino, ci andava quasi tutti i giorni. Ogni tanto portava anche me. Appena arrivati mi diceva: &#8220;chiudi gli occhi e tira un profondo respiro&#8221;. Tutte le volte. Poi mi sorrideva senza aggiungere altro. Credo che lui sperasse che quel profumo non lo dimenticassi pi\u00f9 collegandolo per sempre ai miei ricordi. O forse era solo un modo per farmi inebriare dell\u2019aria di quello che lui riteneva un piccolo paradiso. &nbsp; Sono trascorsi molti anni e il Giardino non l&#8217;ho pi\u00f9 rivisto. Il ricordo di quel profumo \u00e8 solo un mosaico sbiadito di immagini, un insieme di emozioni irripetibili che il tempo lentamente sta sgretolando ma che non potranno mai svanire del tutto. Ci\u00f2 che era un odore \u00e8 una luce, il viso sorridente di&#8230;<\/p>\n","protected":false},"author":2,"featured_media":122794,"comment_status":"open","ping_status":"closed","sticky":false,"template":"","format":"standard","meta":{"footnotes":""},"categories":[4710],"tags":[3285],"class_list":["post-122793","post","type-post","status-publish","format-standard","has-post-thumbnail","hentry","category-vito-santoro","tag-vito-santoro"],"_links":{"self":[{"href":"https:\/\/www.brundisium.net\/index.php\/wp-json\/wp\/v2\/posts\/122793","targetHints":{"allow":["GET"]}}],"collection":[{"href":"https:\/\/www.brundisium.net\/index.php\/wp-json\/wp\/v2\/posts"}],"about":[{"href":"https:\/\/www.brundisium.net\/index.php\/wp-json\/wp\/v2\/types\/post"}],"author":[{"embeddable":true,"href":"https:\/\/www.brundisium.net\/index.php\/wp-json\/wp\/v2\/users\/2"}],"replies":[{"embeddable":true,"href":"https:\/\/www.brundisium.net\/index.php\/wp-json\/wp\/v2\/comments?post=122793"}],"version-history":[{"count":2,"href":"https:\/\/www.brundisium.net\/index.php\/wp-json\/wp\/v2\/posts\/122793\/revisions"}],"predecessor-version":[{"id":122796,"href":"https:\/\/www.brundisium.net\/index.php\/wp-json\/wp\/v2\/posts\/122793\/revisions\/122796"}],"wp:featuredmedia":[{"embeddable":true,"href":"https:\/\/www.brundisium.net\/index.php\/wp-json\/wp\/v2\/media\/122794"}],"wp:attachment":[{"href":"https:\/\/www.brundisium.net\/index.php\/wp-json\/wp\/v2\/media?parent=122793"}],"wp:term":[{"taxonomy":"category","embeddable":true,"href":"https:\/\/www.brundisium.net\/index.php\/wp-json\/wp\/v2\/categories?post=122793"},{"taxonomy":"post_tag","embeddable":true,"href":"https:\/\/www.brundisium.net\/index.php\/wp-json\/wp\/v2\/tags?post=122793"}],"curies":[{"name":"wp","href":"https:\/\/api.w.org\/{rel}","templated":true}]}}