{"id":122830,"date":"2018-01-14T11:31:51","date_gmt":"2018-01-14T10:31:51","guid":{"rendered":"http:\/\/www.brundisium.net\/?p=122830"},"modified":"2018-01-14T11:31:51","modified_gmt":"2018-01-14T10:31:51","slug":"crudo-pri-nel-prossimo-contratto-per-la-mensa-scolastica-si-tenga-conto-dellorario-di-lavoro","status":"publish","type":"post","link":"https:\/\/www.brundisium.net\/index.php\/crudo-pri-nel-prossimo-contratto-per-la-mensa-scolastica-si-tenga-conto-dellorario-di-lavoro\/","title":{"rendered":"Crudo (PRI): &#8220;nel prossimo contratto per la mensa scolastica si tenga conto dell&#8217;orario di lavoro&#8221;"},"content":{"rendered":"<p>Il PRI non appartiene al novero delle forze politiche brindisine spesso critiche nei confronti delle decisioni assunte dalla struttura commissariale.<br \/>\nProbabilmente questa serenit\u00e0 di giudizio \u00e8 resa pi\u00f9 facile dalla circostanza che il nostro Partito non era presente con una propria rappresentanza nella scorsa consiliatura.<br \/>\nRiteniamo, infatti, che il Commissario Santi GIUFFRE\u2019 ed i suoi collaboratori abbiano avuto il merito di affrontare e risolvere problemi che la classe politica brindisina aveva lasciato incancrenire.<br \/>\nPensiamo, a solo titolo di esempio, alla decisione dimostrata nell\u2019affrontare di petto, e risolvere!, il problema del servizio di spazzamento e raccolta dei rifiuti.<br \/>\nSu altre decisioni avremmo senz\u2019altro gradito, ed abbiamo pure sollecitato, un maggiore coinvolgimento delle forze politiche e dei movimenti presenti in citt\u00e0.<br \/>\nMa probabilmente non si pu\u00f2 dare ad altri la colpa della mancata capacit\u00e0 di governo dimostrata dalle diverse forze politiche una volta che si era stati chiamati ad assolvere al difficile compito di gestire la Amministrazione Civica.<br \/>\nTra le decisioni assunte dalla struttura commissariale che incontrano la convinta adesione del PRI vi \u00e8 senz\u2019altro quella di non prorogare l\u2019attuale gestione del servizio di ristorazione scolastica, se non fino alla fine dell\u2019anno scolastico in corso, e di indire una nuova gara per la individuazione dell\u2019impresa cui affidare questo delicatissimo compito.<br \/>\nRicordiamo, al riguardo, che l\u2019affidamento alla Societ\u00e0 MARKAS non avvenne in forza della qualit\u00e0 del progetto offerto ma esclusivamente a seguito di decisioni della giustizia amministrativa.<br \/>\nUna conduzione, forse, non a caso iniziata nel peggiore dei modi atteso che la realizzazione del centro di cottura comunale, posta a carico della ditta aggiudicatrice, avvenne con un notevole ritardo, con la conseguente decisione di preparare i pasti da somministrare ai nostri bambini in una struttura lontanissima dal Comune capoluogo e che tante proteste suscit\u00f2 tra i genitori.<br \/>\nUna conduzione, se possibile, proseguita in modo ancora peggiore con scelte penalizzanti nei confronti dei lavoratori e dell\u2019utenza.<br \/>\nCome interpretare altrimenti la decurtazione dell\u2019orario di lavoro dei dipendenti operata senza alcuna condivisione delle rappresentanze sindacali e che vede oggi la maggior parte dei lavoratori impegnati nel servizio prestare la loro opera per un\u2019ora e quarantacinque minuti al giorno, con riflessi inevitabilmente negativi sulla qualit\u00e0 del servizio atteso che in quel limitatissimo lasso di tempo si dovrebbe provvedere alla pulizia dei locali in cui viene svolto il servizio di ristorazione scolastica, alla somministrazione dei pasti e al ripristino successivo delle necessarie condizioni igieniche.<br \/>\nCi auguriamo, allora, che nel prossimo capitolato d\u2019appalto che sar\u00e0 predisposto dalla Amministrazione Comunale si tenga conto di questo aspetto fondamentale.<br \/>\nTanto pi\u00f9 che l\u2019incidenza del servizio sul bilancio comunale dovrebbe ridursi, atteso che il centro cottura realizzato dalla ditta aggiudicatrice rientrer\u00e0 nella piena disponibilit\u00e0 dell\u2019Amministrazione e non costituir\u00e0 pi\u00f9 oggetto di gara.<br \/>\nQuesta circostanza dovrebbe consentire, da un lato, un incremento delle ore lavorative oggi svolte dal personale addetto alla mensa scolastica, la cui riduzione ha generato un contenzioso tutt\u2019ora in corso, e, dall\u2019altro, una contrazione del ticket posto a carico dell\u2019utenza.<br \/>\nSul rispetto di queste linee di indirizzo il PRI vigiler\u00e0 fornendo comunque alla struttura commissariale la necessaria collaborazione.<\/p>\n<p>&nbsp;<\/p>\n<p><strong>Il Responsabile PRI dei servizi a domanda individuale<\/strong><br \/>\n<strong> (Annarita CRUDO)<\/strong><\/p>\n","protected":false},"excerpt":{"rendered":"<p>Il PRI non appartiene al novero delle forze politiche brindisine spesso critiche nei confronti delle decisioni assunte dalla struttura commissariale. Probabilmente questa serenit\u00e0 di giudizio \u00e8 resa pi\u00f9 facile dalla circostanza che il nostro Partito non era presente con una propria rappresentanza nella scorsa consiliatura. Riteniamo, infatti, che il Commissario Santi GIUFFRE\u2019 ed i suoi collaboratori abbiano avuto il merito di affrontare e risolvere problemi che la classe politica brindisina aveva lasciato incancrenire. Pensiamo, a solo titolo di esempio, alla decisione dimostrata nell\u2019affrontare di petto, e risolvere!, il problema del servizio di spazzamento e raccolta dei rifiuti. Su altre decisioni avremmo senz\u2019altro gradito, ed abbiamo pure sollecitato, un maggiore coinvolgimento delle forze politiche e dei movimenti presenti in citt\u00e0. Ma probabilmente non si pu\u00f2 dare ad altri la colpa della mancata capacit\u00e0 di governo dimostrata dalle diverse forze politiche una volta che si era stati chiamati ad assolvere al difficile compito di gestire la Amministrazione Civica. Tra le decisioni assunte dalla struttura commissariale che incontrano la convinta adesione del PRI&#8230;<\/p>\n","protected":false},"author":2,"featured_media":119249,"comment_status":"open","ping_status":"closed","sticky":false,"template":"","format":"standard","meta":{"footnotes":""},"categories":[7],"tags":[],"class_list":["post-122830","post","type-post","status-publish","format-standard","has-post-thumbnail","hentry","category-news"],"_links":{"self":[{"href":"https:\/\/www.brundisium.net\/index.php\/wp-json\/wp\/v2\/posts\/122830","targetHints":{"allow":["GET"]}}],"collection":[{"href":"https:\/\/www.brundisium.net\/index.php\/wp-json\/wp\/v2\/posts"}],"about":[{"href":"https:\/\/www.brundisium.net\/index.php\/wp-json\/wp\/v2\/types\/post"}],"author":[{"embeddable":true,"href":"https:\/\/www.brundisium.net\/index.php\/wp-json\/wp\/v2\/users\/2"}],"replies":[{"embeddable":true,"href":"https:\/\/www.brundisium.net\/index.php\/wp-json\/wp\/v2\/comments?post=122830"}],"version-history":[{"count":1,"href":"https:\/\/www.brundisium.net\/index.php\/wp-json\/wp\/v2\/posts\/122830\/revisions"}],"predecessor-version":[{"id":122831,"href":"https:\/\/www.brundisium.net\/index.php\/wp-json\/wp\/v2\/posts\/122830\/revisions\/122831"}],"wp:featuredmedia":[{"embeddable":true,"href":"https:\/\/www.brundisium.net\/index.php\/wp-json\/wp\/v2\/media\/119249"}],"wp:attachment":[{"href":"https:\/\/www.brundisium.net\/index.php\/wp-json\/wp\/v2\/media?parent=122830"}],"wp:term":[{"taxonomy":"category","embeddable":true,"href":"https:\/\/www.brundisium.net\/index.php\/wp-json\/wp\/v2\/categories?post=122830"},{"taxonomy":"post_tag","embeddable":true,"href":"https:\/\/www.brundisium.net\/index.php\/wp-json\/wp\/v2\/tags?post=122830"}],"curies":[{"name":"wp","href":"https:\/\/api.w.org\/{rel}","templated":true}]}}