{"id":123094,"date":"2018-01-17T14:47:59","date_gmt":"2018-01-17T13:47:59","guid":{"rendered":"http:\/\/www.brundisium.net\/?p=123094"},"modified":"2018-01-17T14:55:02","modified_gmt":"2018-01-17T13:55:02","slug":"pino-romano-art-1-mdp-accelerare-la-nomina-del-garante-regionale-delle-persone-con-disabilita","status":"publish","type":"post","link":"https:\/\/www.brundisium.net\/index.php\/pino-romano-art-1-mdp-accelerare-la-nomina-del-garante-regionale-delle-persone-con-disabilita\/","title":{"rendered":"Pino Romano (Art. 1 MDP): &#8220;Accelerare la nomina del Garante Regionale delle Persone con Disabilit\u00e0&#8221;"},"content":{"rendered":"<p>Il tema del disagio crescente dei malati di patologie neurodegenerative emerso nel corso dell\u2019audizione dell\u2019Associazione familiari malati di SLA deve interessare non solo il sottoscritto, in qualit\u00e0 di Presidente della Commissione Sanit\u00e0, ma l\u2019intera Regione. Dai dati emersi nel corso dell\u2019incontro, infatti, la situazione per queste persone che versano in difficolt\u00e0 \u00e8 resa ancor pi\u00f9 difficile a causa della rigidit\u00e0 burocratica del sistema sanitario regionale e dall\u2019insufficiente e troppo spesso scarsa qualit\u00e0 dei servizi erogati dall\u2019Assistenza Domiciliare Integrata. Di fronte a questo preoccupante contesto, politica e istituzioni non possono rimanere silenti. Trovo pertanto che sia quanto mai urgente procedere alla nomina di un Garante regionale delle persone con disabilit\u00e0, un istituto questo di garanzia e pertanto legato alla conclusione del procedimento che fa capo al Segretario generale del Consiglio regionale. Ho pertanto inviato l\u2019ennesima lettera di sollecito alla dott.ssa Gattulli affinch\u00e9 velocizzi lo sblocco della situazione nei termini richiesti dalla III commissione in modo tale da chiudere una vicenda a dir poco incresciosa, arrivare quanto prima all\u2019approvazione dei tre nominativi da sottoporre al voto del Consiglio regionale e dare finalmente alla Puglia e i pugliesi il Garante regionale delle persone con disabilit\u00e0.<\/p>\n<p>&nbsp;<\/p>\n<p>&nbsp;<\/p>\n<p>Giuseppe Romano Art.1 \u2013 MDP<\/p>\n<p>Presidente III Commissione Sanit\u00e0 Regione Puglia<\/p>\n","protected":false},"excerpt":{"rendered":"<p>Il tema del disagio crescente dei malati di patologie neurodegenerative emerso nel corso dell\u2019audizione dell\u2019Associazione familiari malati di SLA deve interessare non solo il sottoscritto, in qualit\u00e0 di Presidente della Commissione Sanit\u00e0, ma l\u2019intera Regione. Dai dati emersi nel corso dell\u2019incontro, infatti, la situazione per queste persone che versano in difficolt\u00e0 \u00e8 resa ancor pi\u00f9 difficile a causa della rigidit\u00e0 burocratica del sistema sanitario regionale e dall\u2019insufficiente e troppo spesso scarsa qualit\u00e0 dei servizi erogati dall\u2019Assistenza Domiciliare Integrata. Di fronte a questo preoccupante contesto, politica e istituzioni non possono rimanere silenti. Trovo pertanto che sia quanto mai urgente procedere alla nomina di un Garante regionale delle persone con disabilit\u00e0, un istituto questo di garanzia e pertanto legato alla conclusione del procedimento che fa capo al Segretario generale del Consiglio regionale. Ho pertanto inviato l\u2019ennesima lettera di sollecito alla dott.ssa Gattulli affinch\u00e9 velocizzi lo sblocco della situazione nei termini richiesti dalla III commissione in modo tale da chiudere una vicenda a dir poco incresciosa, arrivare quanto prima all\u2019approvazione dei tre nominativi&#8230;<\/p>\n","protected":false},"author":2,"featured_media":18316,"comment_status":"open","ping_status":"closed","sticky":false,"template":"","format":"standard","meta":{"footnotes":""},"categories":[7],"tags":[100],"class_list":["post-123094","post","type-post","status-publish","format-standard","has-post-thumbnail","hentry","category-news","tag-pino-romano"],"_links":{"self":[{"href":"https:\/\/www.brundisium.net\/index.php\/wp-json\/wp\/v2\/posts\/123094","targetHints":{"allow":["GET"]}}],"collection":[{"href":"https:\/\/www.brundisium.net\/index.php\/wp-json\/wp\/v2\/posts"}],"about":[{"href":"https:\/\/www.brundisium.net\/index.php\/wp-json\/wp\/v2\/types\/post"}],"author":[{"embeddable":true,"href":"https:\/\/www.brundisium.net\/index.php\/wp-json\/wp\/v2\/users\/2"}],"replies":[{"embeddable":true,"href":"https:\/\/www.brundisium.net\/index.php\/wp-json\/wp\/v2\/comments?post=123094"}],"version-history":[{"count":1,"href":"https:\/\/www.brundisium.net\/index.php\/wp-json\/wp\/v2\/posts\/123094\/revisions"}],"predecessor-version":[{"id":123095,"href":"https:\/\/www.brundisium.net\/index.php\/wp-json\/wp\/v2\/posts\/123094\/revisions\/123095"}],"wp:featuredmedia":[{"embeddable":true,"href":"https:\/\/www.brundisium.net\/index.php\/wp-json\/wp\/v2\/media\/18316"}],"wp:attachment":[{"href":"https:\/\/www.brundisium.net\/index.php\/wp-json\/wp\/v2\/media?parent=123094"}],"wp:term":[{"taxonomy":"category","embeddable":true,"href":"https:\/\/www.brundisium.net\/index.php\/wp-json\/wp\/v2\/categories?post=123094"},{"taxonomy":"post_tag","embeddable":true,"href":"https:\/\/www.brundisium.net\/index.php\/wp-json\/wp\/v2\/tags?post=123094"}],"curies":[{"name":"wp","href":"https:\/\/api.w.org\/{rel}","templated":true}]}}