{"id":123096,"date":"2018-01-17T15:48:19","date_gmt":"2018-01-17T14:48:19","guid":{"rendered":"http:\/\/www.brundisium.net\/?p=123096"},"modified":"2018-01-17T14:54:29","modified_gmt":"2018-01-17T13:54:29","slug":"mensa-scolastica-fasano-ce-tempo-fino-31-1-per-saldare-le-morosita-pena-la-sospensione-del-servizio","status":"publish","type":"post","link":"https:\/\/www.brundisium.net\/index.php\/mensa-scolastica-fasano-ce-tempo-fino-31-1-per-saldare-le-morosita-pena-la-sospensione-del-servizio\/","title":{"rendered":"Mensa scolastica Fasano: c&#8217;\u00e8 tempo fino 31\/1 per saldare le morosit\u00e0, pena la sospensione del servizio"},"content":{"rendered":"<p>Sono partiti i controlli a Fasano sulle posizioni di quelle famiglie i cui bambini delle scuole per l\u2019infanzia e primarie usufruiscono della refezione scolastica. Ebbene, quelle morosit\u00e0 riscontrate hanno spinto l\u2019Amministrazione comunale ad adottare un\u2019azione chiara: l\u2019invito a queste famiglie a saldare quanto dovuto entro il 31 gennaio prossimo, onde evitare che ai propri figlioli venga sospeso il servizio-mensa dal 1\u00b0 febbraio. \u00abStiamo mettendoci tutta l\u2019anima affinch\u00e9 la refezione scolastica risponda a tutti i criteri stabiliti per venire incontro alle giuste esigenze di bambini e famiglie \u2013 afferma Cinzia Caroli, assessora alla Pubblica istruzione -; in quest\u2019ottica stiamo continuando a monitorare il servizio e, personalmente, visito i vari plessi scolastici pranzando spesso con gli stessi piccoli allievi per verificare la bont\u00e0 del servizio o riscontrare eventuali criticit\u00e0. A questo proposito \u2013 spiega Caroli \u2013 posso tranquillizzare le famiglie, giacch\u00e9 il servizio \u00e8 ben curato e soltanto qualche piccolo accorgimento da adottare \u00e8 stato sottolineato alla stessa ditta che gestisce la refezione. Proprio questa nostra continua attenzione alla bont\u00e0 del servizio \u2013 sottolinea l\u2019assessora \u2013 ci spinge a chiedere la massima collaborazione a tutti e, in particolare, a quelle famiglie che, per svariate ragioni, non si ritrovano ad aver versato una parte del ticket relativo al servizio di cui, comunque, usufruiscono i propri figli. Noi siamo a disposizione e, in particolare, l\u2019ufficio della \u201cLadisa\u201d aperto in pieno centro cittadino \u00e8 sempre aperto dal luned\u00ec al venerd\u00ec pronto a dare chiarimenti. Il servizio-mensa deve essere assicurato a tutti \u2013 argomenta l\u2019assessora Cinzia Caroli \u2013 anche perch\u00e9 \u00e8 un ulteriore momento di socializzazione ed integrazione per bambini e bambine, per\u00f2 \u00e8 altrettanto giusto che le famiglie collaborino con noi e versino quanto dovuto in modo da far continuare ad usufruire del servizio i propri figlioli iscritti\u00bb. Anche la Commissione comunale mensa fa la sua parte ed un rapporto stretto col corpo docente \u00e8 stato da subito attivato: tutte le insegnanti, infatti, quotidianamente compilano una scheda sul servizio, in modo che la mensa scolastica sia costantemente monitorata, inviandola proprio alla Commissione per gli eventuali, dovuti, interventi di propria competenza.<\/p>\n<p>&nbsp;<\/p>\n<p>L\u2019ufficio della \u201cLadisa\u201d, la ditta gestrice la refezione scolastica, \u00e8 situato in via del Bal\u00ec, a Fasano, ed \u00e8 aperto dal luned\u00ec al venerd\u00ec (dalle ore 9 alle 12 e dalle ore 16 alle 18) con recapito telefonico 080.4394223.<\/p>\n<p>&nbsp;<\/p>\n<p>Quei genitori che avessero gi\u00e0 versato agli uffici postali quanto dovuto, eventualmente dimenticandosi di consegnare la ricevuta di versamento, devono pertanto recarsi nella sede aperta al pubblico, proprio in via del Bal\u00ec. Inoltre, quelle famiglie che finora hanno ottenuto le agevolazioni sul pagamento del ticket, ed il cui modello Isee 2017 \u00e8 scaduto proprio il 15 gennaio scorso, \u00e8 necessario che si rivolgano ai Patronati o Caf per richiedere un nuovo modello Isee 2018 entro il 28 febbraio. Non appena lo ricevessero o rinnovassero, dovrebbero consegnarlo nella stessa sede della \u201cLadisa\u201d sempre in via del Bal\u00ec, in modo che i propri figli possano continuare ad usufruire della mensa a tariffa agevolata. Senza questi adempimenti, la ditta gestrice il servizio non potr\u00e0 aggiornare correttamente la posizione dei singoli bambini iscritti al servizio.<\/p>\n<p>&nbsp;<\/p>\n<p><strong><em>COMUNE DI FASANO<\/em><\/strong><\/p>\n","protected":false},"excerpt":{"rendered":"<p>Sono partiti i controlli a Fasano sulle posizioni di quelle famiglie i cui bambini delle scuole per l\u2019infanzia e primarie usufruiscono della refezione scolastica. Ebbene, quelle morosit\u00e0 riscontrate hanno spinto l\u2019Amministrazione comunale ad adottare un\u2019azione chiara: l\u2019invito a queste famiglie a saldare quanto dovuto entro il 31 gennaio prossimo, onde evitare che ai propri figlioli venga sospeso il servizio-mensa dal 1\u00b0 febbraio. \u00abStiamo mettendoci tutta l\u2019anima affinch\u00e9 la refezione scolastica risponda a tutti i criteri stabiliti per venire incontro alle giuste esigenze di bambini e famiglie \u2013 afferma Cinzia Caroli, assessora alla Pubblica istruzione -; in quest\u2019ottica stiamo continuando a monitorare il servizio e, personalmente, visito i vari plessi scolastici pranzando spesso con gli stessi piccoli allievi per verificare la bont\u00e0 del servizio o riscontrare eventuali criticit\u00e0. A questo proposito \u2013 spiega Caroli \u2013 posso tranquillizzare le famiglie, giacch\u00e9 il servizio \u00e8 ben curato e soltanto qualche piccolo accorgimento da adottare \u00e8 stato sottolineato alla stessa ditta che gestisce la refezione. Proprio questa nostra continua attenzione alla bont\u00e0 del servizio&#8230;<\/p>\n","protected":false},"author":2,"featured_media":53116,"comment_status":"open","ping_status":"closed","sticky":false,"template":"","format":"standard","meta":{"footnotes":""},"categories":[7],"tags":[244,1989],"class_list":["post-123096","post","type-post","status-publish","format-standard","has-post-thumbnail","hentry","category-news","tag-fasano","tag-mensa-scolastica"],"_links":{"self":[{"href":"https:\/\/www.brundisium.net\/index.php\/wp-json\/wp\/v2\/posts\/123096","targetHints":{"allow":["GET"]}}],"collection":[{"href":"https:\/\/www.brundisium.net\/index.php\/wp-json\/wp\/v2\/posts"}],"about":[{"href":"https:\/\/www.brundisium.net\/index.php\/wp-json\/wp\/v2\/types\/post"}],"author":[{"embeddable":true,"href":"https:\/\/www.brundisium.net\/index.php\/wp-json\/wp\/v2\/users\/2"}],"replies":[{"embeddable":true,"href":"https:\/\/www.brundisium.net\/index.php\/wp-json\/wp\/v2\/comments?post=123096"}],"version-history":[{"count":1,"href":"https:\/\/www.brundisium.net\/index.php\/wp-json\/wp\/v2\/posts\/123096\/revisions"}],"predecessor-version":[{"id":123097,"href":"https:\/\/www.brundisium.net\/index.php\/wp-json\/wp\/v2\/posts\/123096\/revisions\/123097"}],"wp:featuredmedia":[{"embeddable":true,"href":"https:\/\/www.brundisium.net\/index.php\/wp-json\/wp\/v2\/media\/53116"}],"wp:attachment":[{"href":"https:\/\/www.brundisium.net\/index.php\/wp-json\/wp\/v2\/media?parent=123096"}],"wp:term":[{"taxonomy":"category","embeddable":true,"href":"https:\/\/www.brundisium.net\/index.php\/wp-json\/wp\/v2\/categories?post=123096"},{"taxonomy":"post_tag","embeddable":true,"href":"https:\/\/www.brundisium.net\/index.php\/wp-json\/wp\/v2\/tags?post=123096"}],"curies":[{"name":"wp","href":"https:\/\/api.w.org\/{rel}","templated":true}]}}