{"id":12346,"date":"2014-05-02T16:12:13","date_gmt":"2014-05-02T14:12:13","guid":{"rendered":"http:\/\/www.brundisium.net\/brun\/?p=12346"},"modified":"2014-05-02T18:38:08","modified_gmt":"2014-05-02T16:38:08","slug":"il-sindaco-tanzarella-incontra-il-nuovo-proprietario-di-valtur-orovacanze","status":"publish","type":"post","link":"https:\/\/www.brundisium.net\/index.php\/il-sindaco-tanzarella-incontra-il-nuovo-proprietario-di-valtur-orovacanze\/","title":{"rendered":"Il Sindaco Tanzarella incontra il nuovo  proprietario di Valtur &#8211; Orovacanze"},"content":{"rendered":"<p>Si \u00e8 tenuto questa mattina, presso il Comune di Ostuni un lungo incontro tra il sindaco della Citt\u00e0 Bianca Domenico Tanzarella e l\u2019imprenditore montenegrino, Ljujidjuraj Franjo, nuovo gestore &#8211; proprietario del gruppo Valtur &#8211; Orovacanze spa e quindi anche del villaggio sito sul litorale della \u201cCitt\u00e0 bianca\u201d.<br \/>\nUn incontro che \u00e8 servito alle parti per conoscersi, per evidenziare quali sono i problemi e soprattutto le prospettive del villaggio di Ostuni che ha costituito e costituisce ancora un punto di riferimento per la citt\u00e0 e il turismo non solo di questa provincia.<br \/>\nIl Sindaco ha rappresentato le sue preoccupazioni, le sue perplessit\u00e0 per quanto riguarda la comunit\u00e0, la forza lavoro che questa citt\u00e0 da sempre ha fornito al villaggio Valtur, la possibilit\u00e0 di favorire gli investimenti e gli interventi da parte delle locali attivit\u00e0 mentre il dott. Franjo ha assunto impegno per il futuro, garantendo che la sua societ\u00e0 ha particolarmente a cuore questo villaggio; che a seguito dell\u2019intesa anche con il gruppo che detiene la propriet\u00e0 sono partiti i lavori per migliorare la struttura e che si punter\u00e0 anche a elevare il livello quali-quantitativo sia dei servizi, sia degli operatori impiegati negli stessi proprio per fare del villaggio Valtur di Ostuni, ancora una volta, un riferimento del servizio turistico italiano con corsi di formazione opportunamente organizzati, con sinergie anche con strutture scientifiche come potr\u00e0 essere quella della \u201cFondazione Dieta Mediterranea\u201d per costruire percorsi virtuosi e far si che questo villaggio ritorni a splendere come \u00e8 stato nei decenni scorsi.<br \/>\nNel frattempo proseguono gli incontri e le trattative a livello sindacale per definire l\u2019organico lavorativo della struttura.<br \/>\nL\u2019impegno perch\u00e9 venga utilizzata manodopera locale c\u2019\u00e8, naturalmente con i requisiti, le professionalit\u00e0, capacit\u00e0 indispensabili per portare questo villaggio verso gli obiettivi strategici che sono stati condivisi.<br \/>\nTutto questo, naturalmente, finalizzato ad allungare la stagione e quindi a poter utilizzare il villaggio Valtur almeno da aprile ad ottobre e ritornare anche ad una internazionalizzazione dello stesso invadendo i mercati esteri che hanno costituito per tanti anni e sono ritornati ora a prestare attenzione verso il \u201cbrand Puglia\u201d possono costituire effettivamente un grande bacino di utenti per questo villaggio Valtur ostunese.<\/p>\n","protected":false},"excerpt":{"rendered":"<p>Si \u00e8 tenuto questa mattina, presso il Comune di Ostuni un lungo incontro tra il sindaco della Citt\u00e0 Bianca Domenico Tanzarella e l\u2019imprenditore montenegrino, Ljujidjuraj Franjo, nuovo gestore &#8211; proprietario del gruppo Valtur &#8211; Orovacanze spa e quindi anche del villaggio sito sul litorale della \u201cCitt\u00e0 bianca\u201d. Un incontro che \u00e8 servito alle parti per conoscersi, per evidenziare quali sono i problemi e soprattutto le prospettive del villaggio di Ostuni che ha costituito e costituisce ancora un punto di riferimento per la citt\u00e0 e il turismo non solo di questa provincia. Il Sindaco ha rappresentato le sue preoccupazioni, le sue perplessit\u00e0 per quanto riguarda la comunit\u00e0, la forza lavoro che questa citt\u00e0 da sempre ha fornito al villaggio Valtur, la possibilit\u00e0 di favorire gli investimenti e gli interventi da parte delle locali attivit\u00e0 mentre il dott. Franjo ha assunto impegno per il futuro, garantendo che la sua societ\u00e0 ha particolarmente a cuore questo villaggio; che a seguito dell\u2019intesa anche con il gruppo che detiene la propriet\u00e0 sono partiti i lavori&#8230;<\/p>\n","protected":false},"author":2,"featured_media":12347,"comment_status":"open","ping_status":"open","sticky":false,"template":"","format":"standard","meta":{"footnotes":""},"categories":[7,389],"tags":[1858,1859],"class_list":["post-12346","post","type-post","status-publish","format-standard","has-post-thumbnail","hentry","category-news","category-territorio","tag-comune-ostuni","tag-valtur-vacanze"],"_links":{"self":[{"href":"https:\/\/www.brundisium.net\/index.php\/wp-json\/wp\/v2\/posts\/12346","targetHints":{"allow":["GET"]}}],"collection":[{"href":"https:\/\/www.brundisium.net\/index.php\/wp-json\/wp\/v2\/posts"}],"about":[{"href":"https:\/\/www.brundisium.net\/index.php\/wp-json\/wp\/v2\/types\/post"}],"author":[{"embeddable":true,"href":"https:\/\/www.brundisium.net\/index.php\/wp-json\/wp\/v2\/users\/2"}],"replies":[{"embeddable":true,"href":"https:\/\/www.brundisium.net\/index.php\/wp-json\/wp\/v2\/comments?post=12346"}],"version-history":[{"count":1,"href":"https:\/\/www.brundisium.net\/index.php\/wp-json\/wp\/v2\/posts\/12346\/revisions"}],"predecessor-version":[{"id":12348,"href":"https:\/\/www.brundisium.net\/index.php\/wp-json\/wp\/v2\/posts\/12346\/revisions\/12348"}],"wp:featuredmedia":[{"embeddable":true,"href":"https:\/\/www.brundisium.net\/index.php\/wp-json\/wp\/v2\/media\/12347"}],"wp:attachment":[{"href":"https:\/\/www.brundisium.net\/index.php\/wp-json\/wp\/v2\/media?parent=12346"}],"wp:term":[{"taxonomy":"category","embeddable":true,"href":"https:\/\/www.brundisium.net\/index.php\/wp-json\/wp\/v2\/categories?post=12346"},{"taxonomy":"post_tag","embeddable":true,"href":"https:\/\/www.brundisium.net\/index.php\/wp-json\/wp\/v2\/tags?post=12346"}],"curies":[{"name":"wp","href":"https:\/\/api.w.org\/{rel}","templated":true}]}}