{"id":12363,"date":"2014-05-02T19:20:58","date_gmt":"2014-05-02T17:20:58","guid":{"rendered":"http:\/\/www.brundisium.net\/brun\/?p=12363"},"modified":"2014-05-02T19:24:07","modified_gmt":"2014-05-02T17:24:07","slug":"sit-in-dei-lavoratori-della-piattaforma-polifunzionale-a-palazzo-di-citta","status":"publish","type":"post","link":"https:\/\/www.brundisium.net\/index.php\/sit-in-dei-lavoratori-della-piattaforma-polifunzionale-a-palazzo-di-citta\/","title":{"rendered":"Sit in dei lavoratori della Piattaforma Polifunzionale a Palazzo di Citt\u00e0"},"content":{"rendered":"<p><a href=\"http:\/\/www.brundisium.net\/brun\/wp-content\/uploads\/2014\/05\/20140502_095045_4-e1399051146884.jpg\"><img loading=\"lazy\" decoding=\"async\" class=\"alignleft size-medium wp-image-12370\" src=\"http:\/\/www.brundisium.net\/brun\/wp-content\/uploads\/2014\/05\/20140502_095045_4-300x225.jpg\" alt=\"20140502_095045_4\" width=\"300\" height=\"225\" data-id=\"12370\" \/><\/a>Nella mattinata di oggi un gruppo di lavoratori della Piattaforma Polifunzionale di Brindisi, da Gennaio disoccupati, ha manifestato pacificamente sotto il Palazzo del Comune di Brindisi.<br \/>\nI lavoratori hanno esposto striscioni, cartelloni ed hanno emesso una nota che di seguito pubblichiamo integralmente.<\/p>\n<p>&#8220;<em>Il sit-in &#8211; fa sapere Mino Marra, portavoce dei lavoratori &#8211; \u00e8 il primo di una serie di manifestazioni pacifiche volte a sollecitare la politica e le istituzioni sulla nostra vicenda, la storia di un gruppo di lavoratori e di una struttura pubblica vittime di un batti e ribatti che non tutela nessuno: n\u00e9 noi n\u00e9 l&#8217;azienda. Altri sit-in seguiranno nei prossimi giorni e coinvolgeranno altri Palazzi cittadini<\/em>&#8221;<\/p>\n<p>&nbsp;<\/p>\n<p>Di seguito riportiamo la nota degli operai<\/p>\n<p><em><a href=\"http:\/\/www.brundisium.net\/brun\/wp-content\/uploads\/2014\/05\/20140502_093741_1.jpg\"><img loading=\"lazy\" decoding=\"async\" class=\"alignright size-medium wp-image-12369\" src=\"http:\/\/www.brundisium.net\/brun\/wp-content\/uploads\/2014\/05\/20140502_093741_1-300x225.jpg\" alt=\"sit in piattaforma\" width=\"300\" height=\"225\" data-id=\"12369\" \/><\/a>Siamo i lavoratori della Piattaforma Polifunzionale di Brindisi, una struttura PUBBLICA, con gi\u00e0 alle spalle un&#8217; attivit\u00e0 decennale nel campo dello smaltimento dei rifiuti industriali.<\/em><br \/>\n<em> Nel nostro sit-in, che vuole essere pacifico, esprimiamo la nostra angoscia senza fine per aver dovuto assistere alla perdita del posto di lavoro, divenendo cos\u00ec DISOCCUPATI nonostante avessimo un contratto a tempo indeterminato!<\/em><br \/>\n<em> Continuiamo a pagare a duro prezzo l&#8217;inadeguatezza di scelte che riguardano il territorio. Ancora una volta ci troviamo a non poter garantire un presente e un futuro alle nostre famiglie, sebbene ci sia alle spalle un&#8217; azienda (Termomeccanica s.p.a.) che vorrebbe investire nella Piattaforma pi\u00f9 di 50 milioni.<\/em><br \/>\n<em> Le scelte di chi sta nei Palazzi, per\u00f2, non guardano al futuro di noi lavoratori e di altri che se ne aggiungerebbero. In questa citt\u00e0, gi\u00e0 contraddistinta da una povert\u00e0 sociale disarmante, si vorrebbe privare il territorio di una infrastruttura dalle molteplici potenzialit\u00e0, utilissima valvola di sfogo per tutta l&#8217; area industriale, che grazie alle migliori tecnologie disponibili fornirebbe supporto alle aziende del luogo proponendosi come vantaggiosa occasione di rilancio per l&#8217;occupazione.<\/em><br \/>\n<em> Si vorrebbe clamorosamente ignorare perfino un importantissimo accordo risalente al 31 Marzo 2009, con cui l&#8217;allora Sig. Prefetto di Brindisi, Provincia di Brindisi, Regione Puglia, Sindacati e Confederazioni, congiuntamente convenivano che si proseguisse a dare continuit\u00e0 all&#8217;attivit\u00e0 della Piattaforma e ai suoi lavoratori tramite un nuovo bando di gara da affidare all&#8217; ASI (proprietario della struttura) affinch\u00e8 individuasse una nuova Societ\u00e0, dopo l&#8217; improvvisa dipartita del precedente gestore.<\/em><\/p>\n<p><em>Che fine ha fatto questo accordo?! Questo continuiamo a chiederci!<\/em><br \/>\n<em> A cosa \u00e8 servito a Prefettura e Istituzioni del territorio ordinare un &#8220;diktat&#8221; ai proprietari, se poi dalle stesse Istituzioni giungono segnali di preclusione al progetto di revamping, proprio ora che la nuova azienda si \u00e8 insediata?<\/em><br \/>\n<em> Come si pu\u00f2 permettere che si lasci marcire un&#8217; opera che appartiene ai cittadini e che a suo tempo cost\u00f2 varie decine di miliardi di lire per la sua realizzazione?<\/em><\/p>\n<p><em>L&#8217; &#8220;assordante&#8221; silenzio di chi dovrebbe salvaguardare lavoratori e impianti pubblici non fa che aumentare lo sprofondo. Buona parte della politica brindisina ha totalmente trascurato questa vicenda, anche chi con quell&#8217; Ordine del Giorno nel Consiglio Comunale del 19 Dicembre scorso, intendeva &#8221; ..impegnare il Sindaco a convocare urgentemente un tavolo istituzionale con gli Enti attori ed in particolare con l&#8217; ASI per garantire il futuro occupazionale dei lavoratori..&#8221;. Bell&#8217; iniziativa, non c&#8217; \u00e8 che dire, soprattutto perch\u00e8 approvata all&#8217; unanimit\u00e0 da tutti i rappresentanti nell&#8217; aula. Ai verbali per\u00f2 occorrerebbe far seguire degli atti concreti! Ma \u00e8 in questo che il nostro sistema risulta quantomai carente. Delegare solo il Primo Cittadino e illudersi che ci\u00f2 basti ad avere pulita la coscienza non \u00e8 dimostrazione di seriet\u00e0. Dove sono i Consiglieri che tanto avevano a cuore la sorte di noi dipendenti? Garantire un futuro occupazionale, a nostro avviso, significa valorizzare intanto ci\u00f2 che si ha a disposizione.<\/em><\/p>\n<p><em>Fantasiose quanto improbabili soluzioni non porteranno che ad un ulteriore e dannosa perdita di tempo. Abbiamo il dovere di non cedere a chi non si cura del nostro futuro, e abbiamo diritto di pretendere che ci venga ridata la DIGNITA&#8217; di lavoratori che ci spetta; qualcuno ci dovr\u00e0 spiegare perch\u00e8 siamo in mezzo ad una strada!<\/em><\/p>\n<p><em>Continueremo a manifestare; lo faremo nel nome di quel RISPETTO che ci \u00e8 dovuto, nel nome di quella PROFESSIONALITA&#8217; che ancora ci accompagna, nel nome della PASSIONE mai domata per il nostro lavoro.<\/em><br \/>\n<em> Perch\u00e8 chi crede nel lavoro profuma di onest\u00e0!<\/em><br \/>\n<em> Nella speranza che il 1 Maggio a Brindisi torni ad essere occasione di festa per tanti, non giorno di celebrazione per pochi, pochissimi privilegiati.<\/em><\/p>\n","protected":false},"excerpt":{"rendered":"<p>Nella mattinata di oggi un gruppo di lavoratori della Piattaforma Polifunzionale di Brindisi, da Gennaio disoccupati, ha manifestato pacificamente sotto il Palazzo del Comune di Brindisi. I lavoratori hanno esposto striscioni, cartelloni ed hanno emesso una nota che di seguito pubblichiamo integralmente. &#8220;Il sit-in &#8211; fa sapere Mino Marra, portavoce dei lavoratori &#8211; \u00e8 il primo di una serie di manifestazioni pacifiche volte a sollecitare la politica e le istituzioni sulla nostra vicenda, la storia di un gruppo di lavoratori e di una struttura pubblica vittime di un batti e ribatti che non tutela nessuno: n\u00e9 noi n\u00e9 l&#8217;azienda. Altri sit-in seguiranno nei prossimi giorni e coinvolgeranno altri Palazzi cittadini&#8221; &nbsp; Di seguito riportiamo la nota degli operai Siamo i lavoratori della Piattaforma Polifunzionale di Brindisi, una struttura PUBBLICA, con gi\u00e0 alle spalle un&#8217; attivit\u00e0 decennale nel campo dello smaltimento dei rifiuti industriali. Nel nostro sit-in, che vuole essere pacifico, esprimiamo la nostra angoscia senza fine per aver dovuto assistere alla perdita del posto di lavoro, divenendo cos\u00ec DISOCCUPATI nonostante&#8230;<\/p>\n","protected":false},"author":2,"featured_media":12367,"comment_status":"open","ping_status":"open","sticky":false,"template":"","format":"standard","meta":{"footnotes":""},"categories":[7],"tags":[1095,578],"class_list":["post-12363","post","type-post","status-publish","format-standard","has-post-thumbnail","hentry","category-news","tag-piattaforma-polifunzionale","tag-termomeccanica"],"_links":{"self":[{"href":"https:\/\/www.brundisium.net\/index.php\/wp-json\/wp\/v2\/posts\/12363","targetHints":{"allow":["GET"]}}],"collection":[{"href":"https:\/\/www.brundisium.net\/index.php\/wp-json\/wp\/v2\/posts"}],"about":[{"href":"https:\/\/www.brundisium.net\/index.php\/wp-json\/wp\/v2\/types\/post"}],"author":[{"embeddable":true,"href":"https:\/\/www.brundisium.net\/index.php\/wp-json\/wp\/v2\/users\/2"}],"replies":[{"embeddable":true,"href":"https:\/\/www.brundisium.net\/index.php\/wp-json\/wp\/v2\/comments?post=12363"}],"version-history":[{"count":3,"href":"https:\/\/www.brundisium.net\/index.php\/wp-json\/wp\/v2\/posts\/12363\/revisions"}],"predecessor-version":[{"id":12375,"href":"https:\/\/www.brundisium.net\/index.php\/wp-json\/wp\/v2\/posts\/12363\/revisions\/12375"}],"wp:featuredmedia":[{"embeddable":true,"href":"https:\/\/www.brundisium.net\/index.php\/wp-json\/wp\/v2\/media\/12367"}],"wp:attachment":[{"href":"https:\/\/www.brundisium.net\/index.php\/wp-json\/wp\/v2\/media?parent=12363"}],"wp:term":[{"taxonomy":"category","embeddable":true,"href":"https:\/\/www.brundisium.net\/index.php\/wp-json\/wp\/v2\/categories?post=12363"},{"taxonomy":"post_tag","embeddable":true,"href":"https:\/\/www.brundisium.net\/index.php\/wp-json\/wp\/v2\/tags?post=12363"}],"curies":[{"name":"wp","href":"https:\/\/api.w.org\/{rel}","templated":true}]}}