{"id":123686,"date":"2018-01-25T14:00:47","date_gmt":"2018-01-25T13:00:47","guid":{"rendered":"http:\/\/www.brundisium.net\/?p=123686"},"modified":"2018-01-30T09:52:48","modified_gmt":"2018-01-30T08:52:48","slug":"percorso-della-memoria-a-san-vito-una-lectio-magistralis-su-helen-metzger-scienziata-e-filosofa-ebrea-uccisa-a-auschwitz","status":"publish","type":"post","link":"https:\/\/www.brundisium.net\/index.php\/percorso-della-memoria-a-san-vito-una-lectio-magistralis-su-helen-metzger-scienziata-e-filosofa-ebrea-uccisa-a-auschwitz\/","title":{"rendered":"Percorso della Memoria: a San Vito una lectio magistralis su H\u00e8l\u00e9n Metzger, scienziata e filosofa ebrea uccisa a  Auschwitz"},"content":{"rendered":"<p>In occasione del Mese e del Giorno della Memoria, l\u2019Associazione Culturale \u201cRicreAzione\u201d di Mesagne e l\u2019Amministrazione comunale di San Vito dei Normanni invitano la cittadinanza alla lectio magistralis tenuta dal prof. Mario Castellana dell\u2019Universit\u00e0 del Salento su \u201cH\u00e8l\u00e9n Metzger, una scienziata e filosofa ebrea a Auschwitz\u201c.<\/p>\n<p>In particolare sar\u00e0 presentato il testo \u201cLa scienza, l\u2019appello alla religione e la volont\u00e0\u201d della Metzger, che il prof. Castellana ha il merito di aver riportato alla luce insieme ad altri studi della filosofa. Il volume, sapientemente curato ancora da Castellana e arricchito da saggi dello stesso curatore, oltre che di Alessandro Giuliani, Arcangelo Rossi, Gabriella Sava, Enrico R.A. Calogero Giannetto, riporta alla luce un\u2019opera concepita e redatta in Francia, proprio al tempo dell\u2019Occupazione nazista.<\/p>\n<p>&nbsp;<\/p>\n<p>La significativa occasione di riflessione e conoscenza all\u2019interno del percorso della Memoria e del Ricordo \u00e8 in programma per venerd\u00ec, 26 gennaio, nella Sala Conferenza della Biblioteca comunale \u201cGiovanni XXIII\u201d di San Vito dei Normanni (via Mazzini n.1), alle ore 18.00.<br \/>\nTutti sono invitati a partecipare, perch\u00e9 mai si potr\u00e0 e dovr\u00e0 dimenticare.<\/p>\n<p>&nbsp;<\/p>\n<p>&nbsp;<\/p>\n<p><em><strong>H\u00e8l\u00e9n Metzger<\/strong><\/em><br \/>\nDi origine ebraica, perse la sua vita ad Auschwitz nel marzo 1944, all\u2019et\u00e0 di 55 anni. Il suo vero nome era H\u00e9l\u00e8ne Emilie Bruhl, ma prese il cognome del marito Paul Metzger, morto sui campi di battaglia della Prima Guerra Mondiale; una misura che, come detto, non riusc\u00ec a preservarla dal campo di sterminio. Laureata in cristallografia, nel 1914 avvi\u00f2 i suoi studi di storia della chimica, grazie anche all\u2019incoraggiamento di Gaston Milhaud; inoltre, a partire dal 1921 collabor\u00f2 con George Sarton alla rivista \u201cIsis\u201d e cur\u00f2 l\u2019organizzazione dei primi Congressi Internazionali di Storia delle Scienze; infine, entr\u00f2 a far parte del Centre International de Synth\u00e8se, fondato da Henri Berr. Quando la Francia fin\u00ec sotto occupazione e la via pi\u00f9 sicura era fuggire, H\u00e9l\u00e8ne Metzger si rifiut\u00f2 di lasciare il suo Paese e anzi si spese a favore di organizzazioni umanitarie a servizio di profughi; a Lione sostenne anche l\u2019azione del Bureau d\u2019\u00e9tudes juives, che si occupava di permettere la prosecuzione degli studi a studenti ed intellettuali ebrei. Ricca la sua produzione scientifica: La gen\u00e8se de la science des cristaux (1918), Les doctrines chimiques (1923), Les concepts scientifiques (1926), La philosophie de la mati\u00e8re chez Lavoisier (1935), Attraction universelle et religion naturelle chez quelques commentateurs anglais de Newton (1938).<\/p>\n","protected":false},"excerpt":{"rendered":"<p>In occasione del Mese e del Giorno della Memoria, l\u2019Associazione Culturale \u201cRicreAzione\u201d di Mesagne e l\u2019Amministrazione comunale di San Vito dei Normanni invitano la cittadinanza alla lectio magistralis tenuta dal prof. Mario Castellana dell\u2019Universit\u00e0 del Salento su \u201cH\u00e8l\u00e9n Metzger, una scienziata e filosofa ebrea a Auschwitz\u201c. In particolare sar\u00e0 presentato il testo \u201cLa scienza, l\u2019appello alla religione e la volont\u00e0\u201d della Metzger, che il prof. Castellana ha il merito di aver riportato alla luce insieme ad altri studi della filosofa. Il volume, sapientemente curato ancora da Castellana e arricchito da saggi dello stesso curatore, oltre che di Alessandro Giuliani, Arcangelo Rossi, Gabriella Sava, Enrico R.A. Calogero Giannetto, riporta alla luce un\u2019opera concepita e redatta in Francia, proprio al tempo dell\u2019Occupazione nazista. &nbsp; La significativa occasione di riflessione e conoscenza all\u2019interno del percorso della Memoria e del Ricordo \u00e8 in programma per venerd\u00ec, 26 gennaio, nella Sala Conferenza della Biblioteca comunale \u201cGiovanni XXIII\u201d di San Vito dei Normanni (via Mazzini n.1), alle ore 18.00. Tutti sono invitati a partecipare, perch\u00e9 mai&#8230;<\/p>\n","protected":false},"author":2,"featured_media":123687,"comment_status":"open","ping_status":"closed","sticky":false,"template":"","format":"standard","meta":{"footnotes":""},"categories":[7],"tags":[929,222],"class_list":["post-123686","post","type-post","status-publish","format-standard","has-post-thumbnail","hentry","category-news","tag-giorno-della-memoria","tag-san-vito"],"_links":{"self":[{"href":"https:\/\/www.brundisium.net\/index.php\/wp-json\/wp\/v2\/posts\/123686","targetHints":{"allow":["GET"]}}],"collection":[{"href":"https:\/\/www.brundisium.net\/index.php\/wp-json\/wp\/v2\/posts"}],"about":[{"href":"https:\/\/www.brundisium.net\/index.php\/wp-json\/wp\/v2\/types\/post"}],"author":[{"embeddable":true,"href":"https:\/\/www.brundisium.net\/index.php\/wp-json\/wp\/v2\/users\/2"}],"replies":[{"embeddable":true,"href":"https:\/\/www.brundisium.net\/index.php\/wp-json\/wp\/v2\/comments?post=123686"}],"version-history":[{"count":1,"href":"https:\/\/www.brundisium.net\/index.php\/wp-json\/wp\/v2\/posts\/123686\/revisions"}],"predecessor-version":[{"id":123688,"href":"https:\/\/www.brundisium.net\/index.php\/wp-json\/wp\/v2\/posts\/123686\/revisions\/123688"}],"wp:featuredmedia":[{"embeddable":true,"href":"https:\/\/www.brundisium.net\/index.php\/wp-json\/wp\/v2\/media\/123687"}],"wp:attachment":[{"href":"https:\/\/www.brundisium.net\/index.php\/wp-json\/wp\/v2\/media?parent=123686"}],"wp:term":[{"taxonomy":"category","embeddable":true,"href":"https:\/\/www.brundisium.net\/index.php\/wp-json\/wp\/v2\/categories?post=123686"},{"taxonomy":"post_tag","embeddable":true,"href":"https:\/\/www.brundisium.net\/index.php\/wp-json\/wp\/v2\/tags?post=123686"}],"curies":[{"name":"wp","href":"https:\/\/api.w.org\/{rel}","templated":true}]}}