{"id":123785,"date":"2018-01-26T16:12:06","date_gmt":"2018-01-26T15:12:06","guid":{"rendered":"http:\/\/www.brundisium.net\/?p=123785"},"modified":"2018-01-30T09:24:17","modified_gmt":"2018-01-30T08:24:17","slug":"la-prefettura-di-brindisi-celebra-il-giorno-della-memoria","status":"publish","type":"post","link":"https:\/\/www.brundisium.net\/index.php\/la-prefettura-di-brindisi-celebra-il-giorno-della-memoria\/","title":{"rendered":"La Prefettura di Brindisi celebra il &#8220;Giorno della Memoria&#8221;"},"content":{"rendered":"<p><em>\u201cSi \u00e8 liberi quando si gode della libert\u00e0 della differenza. Si \u00e8 liberi quando si ottiene il rispetto dell\u2019altro e lo si ricambia dello stesso rispetto\u201d <\/em><\/p>\n<p>&nbsp;<\/p>\n<p>E\u2019 questo il messaggio lanciato dal Prefetto Valerio Valenti stamane nel corso della manifestazione organizzata dalla Prefettura di Brindisi d\u2019intesa con il Comune capoluogo presso l\u2019ex Convento di Santa Chiara per celebrare il \u201cGiorno della Memoria\u201d.<\/p>\n<p>&nbsp;<\/p>\n<p>Il programma della cerimonia ha visto protagonisti anche quest\u2019anno gli studenti di diversi istituti scolastici di Brindisi (Licei Marzolla \u2013 Simone &#8211; Durano, Fermi \u2013 Monticelli e Palumbo, ITT Giorgi, IPSIA Ferraris e l\u2019I.I.S.S. De Marco-Valzani).<\/p>\n<p>&nbsp;<\/p>\n<p>Varie sono state le forme artistiche ed espressive con le quali i ragazzi hanno voluto ricordare i tragici eventi della Shoah, a partire dalla brochure della manifestazione, realizzata con un art work del Liceo Artistico \u201cE. Simone\u201d.<\/p>\n<p>&nbsp;<\/p>\n<p>Particolarmente apprezzata \u00e8 stata anche l\u2019opera degli studenti dell\u2019Ipsia Ferraris che per l\u2019occasione hanno riprodotto un campo di concentramento realizzando una installazione artistica in ferro lavorato al tornio. I ragazzi del Liceo Musicale \u201cG.Durano\u201d hanno eseguito alcuni brani molto suggestivi, tra i quali anche il noto Schindler\u2019s List, mentre gli studenti del Liceo Marzolla e Fermi-Monticelli hanno letto alcuni brani sul tema della Shoah. Particolarmente suggestive sono state le testimonianze del Comandante Vincenzo Cafaro (classe 1922) e Pietro Parisi (classe 1924) che rivolgendosi ai giovani hanno sottolineato l\u2019importanza della memoria e dell\u2019impegno che viene richiesto a ciascuno perch\u00e9 non si ripetano le atrocit\u00e0 del passato.<\/p>\n<p>&nbsp;<\/p>\n<p>Nel corso della manifestazione \u00e8 stata consegnata una medaglia d&#8217;onore conferita dal Signor Presidente della Repubblica alla memoria del signor Giuseppe Petrelli di San Donaci che ha vissuto l&#8217;esperienza dell&#8217;internamento nei campi di concentramento nazisti.<\/p>\n<p>&nbsp;<\/p>\n<p><em><strong>COMUNICATO STAMPA PREFETTURA DI BRINDISI<\/strong><\/em><\/p>\n","protected":false},"excerpt":{"rendered":"<p>\u201cSi \u00e8 liberi quando si gode della libert\u00e0 della differenza. Si \u00e8 liberi quando si ottiene il rispetto dell\u2019altro e lo si ricambia dello stesso rispetto\u201d &nbsp; E\u2019 questo il messaggio lanciato dal Prefetto Valerio Valenti stamane nel corso della manifestazione organizzata dalla Prefettura di Brindisi d\u2019intesa con il Comune capoluogo presso l\u2019ex Convento di Santa Chiara per celebrare il \u201cGiorno della Memoria\u201d. &nbsp; Il programma della cerimonia ha visto protagonisti anche quest\u2019anno gli studenti di diversi istituti scolastici di Brindisi (Licei Marzolla \u2013 Simone &#8211; Durano, Fermi \u2013 Monticelli e Palumbo, ITT Giorgi, IPSIA Ferraris e l\u2019I.I.S.S. De Marco-Valzani). &nbsp; Varie sono state le forme artistiche ed espressive con le quali i ragazzi hanno voluto ricordare i tragici eventi della Shoah, a partire dalla brochure della manifestazione, realizzata con un art work del Liceo Artistico \u201cE. Simone\u201d. &nbsp; Particolarmente apprezzata \u00e8 stata anche l\u2019opera degli studenti dell\u2019Ipsia Ferraris che per l\u2019occasione hanno riprodotto un campo di concentramento realizzando una installazione artistica in ferro lavorato al tornio. I ragazzi del&#8230;<\/p>\n","protected":false},"author":2,"featured_media":123646,"comment_status":"open","ping_status":"closed","sticky":false,"template":"","format":"standard","meta":{"footnotes":""},"categories":[7],"tags":[929],"class_list":["post-123785","post","type-post","status-publish","format-standard","has-post-thumbnail","hentry","category-news","tag-giorno-della-memoria"],"_links":{"self":[{"href":"https:\/\/www.brundisium.net\/index.php\/wp-json\/wp\/v2\/posts\/123785","targetHints":{"allow":["GET"]}}],"collection":[{"href":"https:\/\/www.brundisium.net\/index.php\/wp-json\/wp\/v2\/posts"}],"about":[{"href":"https:\/\/www.brundisium.net\/index.php\/wp-json\/wp\/v2\/types\/post"}],"author":[{"embeddable":true,"href":"https:\/\/www.brundisium.net\/index.php\/wp-json\/wp\/v2\/users\/2"}],"replies":[{"embeddable":true,"href":"https:\/\/www.brundisium.net\/index.php\/wp-json\/wp\/v2\/comments?post=123785"}],"version-history":[{"count":1,"href":"https:\/\/www.brundisium.net\/index.php\/wp-json\/wp\/v2\/posts\/123785\/revisions"}],"predecessor-version":[{"id":123788,"href":"https:\/\/www.brundisium.net\/index.php\/wp-json\/wp\/v2\/posts\/123785\/revisions\/123788"}],"wp:featuredmedia":[{"embeddable":true,"href":"https:\/\/www.brundisium.net\/index.php\/wp-json\/wp\/v2\/media\/123646"}],"wp:attachment":[{"href":"https:\/\/www.brundisium.net\/index.php\/wp-json\/wp\/v2\/media?parent=123785"}],"wp:term":[{"taxonomy":"category","embeddable":true,"href":"https:\/\/www.brundisium.net\/index.php\/wp-json\/wp\/v2\/categories?post=123785"},{"taxonomy":"post_tag","embeddable":true,"href":"https:\/\/www.brundisium.net\/index.php\/wp-json\/wp\/v2\/tags?post=123785"}],"curies":[{"name":"wp","href":"https:\/\/api.w.org\/{rel}","templated":true}]}}