{"id":124088,"date":"2018-01-31T12:00:24","date_gmt":"2018-01-31T11:00:24","guid":{"rendered":"http:\/\/www.brundisium.net\/?p=124088"},"modified":"2018-01-31T12:25:15","modified_gmt":"2018-01-31T11:25:15","slug":"operativo-lospedale-di-comunita-nel-pta-di-fasano","status":"publish","type":"post","link":"https:\/\/www.brundisium.net\/index.php\/operativo-lospedale-di-comunita-nel-pta-di-fasano\/","title":{"rendered":"Operativo l&#8217;Ospedale di Comunit\u00e0 nel PTA di Fasano"},"content":{"rendered":"<p>Ottenuto l&#8217;accreditamento regionale, l\u2019Ospedale di Comunit\u00e0 del Presidio Territoriale di Assistenza di Fasano \u00e8 oggi operativo con i primi 10 posti letto, da ieri gi\u00e0 tutti occupati dopo aver accolto le richieste di ricovero da parte dei medici di medicina generale.<br \/>\nDopo l\u2019inaugurazione, avvenuta nel mese di novembre scorso, sono stati ultimati gli interventi per migliorare l\u2019arredo degli ambienti, completate le procedure di assegnazione del personale e provveduto all\u2019installazione di apparecchiature, attrezzature e software gestionali.<\/p>\n<p>&nbsp;<\/p>\n<p>Sono in corso le procedure per la ristrutturazione e adeguamento dell\u2019intero PTA per consentire l\u2019attivazione di altri 20 posti letto per l\u2019ospedale di comunit\u00e0 e degli altri ambulatori e servizi previsti dal processo di riconversione.<\/p>\n<p>&nbsp;<\/p>\n<p>Proprio oggi pomeriggio a Bari, a seguito di una convenzione siglata per la progettazione esecutiva dei lavori all\u2019interno dei PTA, si svolger\u00e0 un incontro tecnico tra i referenti ASSET (l\u2019agenzia\u00a0regionale\u00a0per lo sviluppo ecosostenibile di recente istituzione) e i responsabili dei Servizi aziendali ASL Brindisi coinvolti nel processo di riqualificazione a vario titolo.<\/p>\n<p>&nbsp;<\/p>\n<p>Nei prossimi mesi, quindi, si sar\u00e0 in grado di fronteggiare ulteriormente la domanda di assistenza, per il tramite dei medici di base, protagonisti in prima persona nella gestione dell\u2019ospedale di comunit\u00e0.<\/p>\n<p>&nbsp;<\/p>\n<p>Ricordiamo che si tratta di strutture sanitarie di degenza territoriale afferenti al Distretto Socio-Sanitario di competenza, riservate ai pazienti che, pur non presentando patologie acute, non possono essere assistiti adeguatamente a domicilio. Oltre ai posti di degenza, sono presenti spazi per le attivit\u00e0 riabilitative e di socializzazione (mensa, sala TV e lettura, sala visitatori). L\u2019ammissione \u00e8 riservata a persone residenti nel territorio di competenza del Distretto Socio-Sanitario n.2 (Fasano).<\/p>\n<p>&nbsp;<\/p>\n<p>Un altro importante passo verso la riqualificazione della rete dei servizi in favore delle fasce deboli, voluto dall\u2019attuale Management aziendale e compiuto grazie ai medici di medicina generale che hanno aderito su base volontaria al protocollo di intesa operativo per la gestione della struttura, e al prezioso contributo del responsabile del processo assistenziale dell\u2019ospedale di comunit\u00e0 Dr. Donato Monopoli che ha lavorato in stretta e costante collaborazione con la direttrice del Distretto Socio-Sanitario di Fasano Dr.ssa Rosa Rosato.<\/p>\n<p>&nbsp;<\/p>\n<p>&nbsp;<\/p>\n<p><em><strong>UFFICIO STAMPA ASL BR<\/strong><\/em><\/p>\n","protected":false},"excerpt":{"rendered":"<p>Ottenuto l&#8217;accreditamento regionale, l\u2019Ospedale di Comunit\u00e0 del Presidio Territoriale di Assistenza di Fasano \u00e8 oggi operativo con i primi 10 posti letto, da ieri gi\u00e0 tutti occupati dopo aver accolto le richieste di ricovero da parte dei medici di medicina generale. Dopo l\u2019inaugurazione, avvenuta nel mese di novembre scorso, sono stati ultimati gli interventi per migliorare l\u2019arredo degli ambienti, completate le procedure di assegnazione del personale e provveduto all\u2019installazione di apparecchiature, attrezzature e software gestionali. &nbsp; Sono in corso le procedure per la ristrutturazione e adeguamento dell\u2019intero PTA per consentire l\u2019attivazione di altri 20 posti letto per l\u2019ospedale di comunit\u00e0 e degli altri ambulatori e servizi previsti dal processo di riconversione. &nbsp; Proprio oggi pomeriggio a Bari, a seguito di una convenzione siglata per la progettazione esecutiva dei lavori all\u2019interno dei PTA, si svolger\u00e0 un incontro tecnico tra i referenti ASSET (l\u2019agenzia\u00a0regionale\u00a0per lo sviluppo ecosostenibile di recente istituzione) e i responsabili dei Servizi aziendali ASL Brindisi coinvolti nel processo di riqualificazione a vario titolo. &nbsp; Nei prossimi mesi, quindi, si&#8230;<\/p>\n","protected":false},"author":2,"featured_media":6841,"comment_status":"open","ping_status":"closed","sticky":false,"template":"","format":"standard","meta":{"footnotes":""},"categories":[7],"tags":[325,5547],"class_list":["post-124088","post","type-post","status-publish","format-standard","has-post-thumbnail","hentry","category-news","tag-asl","tag-pta-fasano"],"_links":{"self":[{"href":"https:\/\/www.brundisium.net\/index.php\/wp-json\/wp\/v2\/posts\/124088","targetHints":{"allow":["GET"]}}],"collection":[{"href":"https:\/\/www.brundisium.net\/index.php\/wp-json\/wp\/v2\/posts"}],"about":[{"href":"https:\/\/www.brundisium.net\/index.php\/wp-json\/wp\/v2\/types\/post"}],"author":[{"embeddable":true,"href":"https:\/\/www.brundisium.net\/index.php\/wp-json\/wp\/v2\/users\/2"}],"replies":[{"embeddable":true,"href":"https:\/\/www.brundisium.net\/index.php\/wp-json\/wp\/v2\/comments?post=124088"}],"version-history":[{"count":1,"href":"https:\/\/www.brundisium.net\/index.php\/wp-json\/wp\/v2\/posts\/124088\/revisions"}],"predecessor-version":[{"id":124152,"href":"https:\/\/www.brundisium.net\/index.php\/wp-json\/wp\/v2\/posts\/124088\/revisions\/124152"}],"wp:featuredmedia":[{"embeddable":true,"href":"https:\/\/www.brundisium.net\/index.php\/wp-json\/wp\/v2\/media\/6841"}],"wp:attachment":[{"href":"https:\/\/www.brundisium.net\/index.php\/wp-json\/wp\/v2\/media?parent=124088"}],"wp:term":[{"taxonomy":"category","embeddable":true,"href":"https:\/\/www.brundisium.net\/index.php\/wp-json\/wp\/v2\/categories?post=124088"},{"taxonomy":"post_tag","embeddable":true,"href":"https:\/\/www.brundisium.net\/index.php\/wp-json\/wp\/v2\/tags?post=124088"}],"curies":[{"name":"wp","href":"https:\/\/api.w.org\/{rel}","templated":true}]}}