{"id":124185,"date":"2018-01-31T18:21:45","date_gmt":"2018-01-31T17:21:45","guid":{"rendered":"http:\/\/www.brundisium.net\/?p=124185"},"modified":"2018-01-31T18:21:45","modified_gmt":"2018-01-31T17:21:45","slug":"atto-vandalico-contro-la-sede-del-prc-di-ostuni","status":"publish","type":"post","link":"https:\/\/www.brundisium.net\/index.php\/atto-vandalico-contro-la-sede-del-prc-di-ostuni\/","title":{"rendered":"Atto vandalico contro la sede del PRC di Ostuni"},"content":{"rendered":"<p><a href=\"http:\/\/www.brundisium.net\/brun\/wp-content\/uploads\/2018\/01\/prc-ostuni-danni-1.jpg\"><img loading=\"lazy\" decoding=\"async\" class=\"alignleft size-medium wp-image-124186\" src=\"http:\/\/www.brundisium.net\/brun\/wp-content\/uploads\/2018\/01\/prc-ostuni-danni-1-225x300.jpg\" alt=\"\" width=\"225\" height=\"300\" srcset=\"https:\/\/www.brundisium.net\/brun\/wp-content\/uploads\/2018\/01\/prc-ostuni-danni-1-225x300.jpg 225w, https:\/\/www.brundisium.net\/brun\/wp-content\/uploads\/2018\/01\/prc-ostuni-danni-1-768x1024.jpg 768w, https:\/\/www.brundisium.net\/brun\/wp-content\/uploads\/2018\/01\/prc-ostuni-danni-1-300x400.jpg 300w\" sizes=\"auto, (max-width: 225px) 100vw, 225px\" \/><br \/>\n<\/a>Danneggiata la sede ostunese del Partito della Rifondazione Comunista.<br \/>\nA denunciarlo \u00e8 Giancarlo Scalone, Segretario della Sezione, che informa del &#8220;vile atto vandalico compiuto da ignoti &#8230; con il quale \u00e8 stata danneggiata l\u2019insegna posta davanti all\u2019ingresso della sede e \u00e8 stato sfregiato con un taglierino il simbolo del Partito&#8221;.<br \/>\n&#8220;Per tali fatti &#8211; rende noto Scalone &#8211; \u00e8 gi\u00e0 stata fatta denuncia alle Autorit\u00e0 competenti&#8221;.<\/p>\n<p>Continua il segretario di PRC: &#8220;la gravit\u00e0 di tale atto vandalico \u00e8 manifesta, visto che ci si \u00e8 accaniti contro il simbolo del Partito, con la conseguenza che non pu\u00f2 negarsi la natura \u201cpolitica\u201d dell\u2019attacco subito.<br \/>\nSi auspica che episodi del genere non si ripetano in futuro e, pur non ritenendo di attribuire eccessiva importanza al gesto di uno o pi\u00f9 balordi, si ritiene utile portarli a conoscenza della cittadinanza.<br \/>\nE\u2019 rilevante &#8211; conclude Scalone &#8211; che questo spregevole atto avvenga a ridosso delle prossime elezioni politiche, nelle quali, pur non essendo il Partito presente con il proprio simbolo, \u00e8 noto a tutti che Rifondazione appoggia la lista di Potere al Popolo, che rappresenta la vera novit\u00e0 delle prossime elezioni e una nuova speranza per il variegato popolo della sinistra italiana&#8221;<\/p>\n","protected":false},"excerpt":{"rendered":"<p>Danneggiata la sede ostunese del Partito della Rifondazione Comunista. A denunciarlo \u00e8 Giancarlo Scalone, Segretario della Sezione, che informa del &#8220;vile atto vandalico compiuto da ignoti &#8230; con il quale \u00e8 stata danneggiata l\u2019insegna posta davanti all\u2019ingresso della sede e \u00e8 stato sfregiato con un taglierino il simbolo del Partito&#8221;. &#8220;Per tali fatti &#8211; rende noto Scalone &#8211; \u00e8 gi\u00e0 stata fatta denuncia alle Autorit\u00e0 competenti&#8221;. Continua il segretario di PRC: &#8220;la gravit\u00e0 di tale atto vandalico \u00e8 manifesta, visto che ci si \u00e8 accaniti contro il simbolo del Partito, con la conseguenza che non pu\u00f2 negarsi la natura \u201cpolitica\u201d dell\u2019attacco subito. Si auspica che episodi del genere non si ripetano in futuro e, pur non ritenendo di attribuire eccessiva importanza al gesto di uno o pi\u00f9 balordi, si ritiene utile portarli a conoscenza della cittadinanza. E\u2019 rilevante &#8211; conclude Scalone &#8211; che questo spregevole atto avvenga a ridosso delle prossime elezioni politiche, nelle quali, pur non essendo il Partito presente con il proprio simbolo, \u00e8 noto a tutti che&#8230;<\/p>\n","protected":false},"author":2,"featured_media":124187,"comment_status":"open","ping_status":"closed","sticky":false,"template":"","format":"standard","meta":{"footnotes":""},"categories":[7],"tags":[53,287],"class_list":["post-124185","post","type-post","status-publish","format-standard","has-post-thumbnail","hentry","category-news","tag-ostuni","tag-prc"],"_links":{"self":[{"href":"https:\/\/www.brundisium.net\/index.php\/wp-json\/wp\/v2\/posts\/124185","targetHints":{"allow":["GET"]}}],"collection":[{"href":"https:\/\/www.brundisium.net\/index.php\/wp-json\/wp\/v2\/posts"}],"about":[{"href":"https:\/\/www.brundisium.net\/index.php\/wp-json\/wp\/v2\/types\/post"}],"author":[{"embeddable":true,"href":"https:\/\/www.brundisium.net\/index.php\/wp-json\/wp\/v2\/users\/2"}],"replies":[{"embeddable":true,"href":"https:\/\/www.brundisium.net\/index.php\/wp-json\/wp\/v2\/comments?post=124185"}],"version-history":[{"count":1,"href":"https:\/\/www.brundisium.net\/index.php\/wp-json\/wp\/v2\/posts\/124185\/revisions"}],"predecessor-version":[{"id":124188,"href":"https:\/\/www.brundisium.net\/index.php\/wp-json\/wp\/v2\/posts\/124185\/revisions\/124188"}],"wp:featuredmedia":[{"embeddable":true,"href":"https:\/\/www.brundisium.net\/index.php\/wp-json\/wp\/v2\/media\/124187"}],"wp:attachment":[{"href":"https:\/\/www.brundisium.net\/index.php\/wp-json\/wp\/v2\/media?parent=124185"}],"wp:term":[{"taxonomy":"category","embeddable":true,"href":"https:\/\/www.brundisium.net\/index.php\/wp-json\/wp\/v2\/categories?post=124185"},{"taxonomy":"post_tag","embeddable":true,"href":"https:\/\/www.brundisium.net\/index.php\/wp-json\/wp\/v2\/tags?post=124185"}],"curies":[{"name":"wp","href":"https:\/\/api.w.org\/{rel}","templated":true}]}}