{"id":124273,"date":"2018-02-01T15:17:47","date_gmt":"2018-02-01T14:17:47","guid":{"rendered":"http:\/\/www.brundisium.net\/?p=124273"},"modified":"2018-02-01T14:39:00","modified_gmt":"2018-02-01T13:39:00","slug":"il-cegliese-mimmo-parisi-ha-pubblicato-il-figlio-del-drago","status":"publish","type":"post","link":"https:\/\/www.brundisium.net\/index.php\/il-cegliese-mimmo-parisi-ha-pubblicato-il-figlio-del-drago\/","title":{"rendered":"Il cegliese Mimmo Parisi ha pubblicato &#8220;Il figlio del Drago&#8221;"},"content":{"rendered":"<p>Nel gennaio 2017 si era proposto con un testo legato a una fiction di grande successo, ovvero, le avventure di un gruppo di ragazzini provati dalla vita da subito. Il titolo era \u201cSono tornati i braccialetti rossi\u201d, pubblicazione che ha avuto un ottimo riscontro da parte dei lettori distribuiti in diverse fasce anagrafiche. Questa volta si cambia registro. Lo scrittore cegliese Parisi ha deciso di virare verso un argomento lontano dal target precedente. Tuttavia, l\u2019abbandono del gruppetto caro allo spagnolo Albert Espinosa non elimina l\u2019indagine sociale sottesa all\u2019opera del romanziere di origini pugliesi.<\/p>\n<p>&nbsp;<\/p>\n<p><strong>Il figlio del drago<\/strong><br \/>\nInfatti, nel volume \u201cIl figlio del drago\u201d\u00a0(Editrice GDS, pagine 224, distribuzione Mondadori) pubblicato il 10 gennaio 2018, l\u2019interesse per i piccoli personaggi che si muovono in uno scenario ospedaliero cede il passo a un\u2019attenzione allargata a un ambito maggiore. Quello della societ\u00e0 del terzo millennio. Il libro vuole essere il tentativo di mettere in chiaro, fin dove possibile, la verit\u00e0 sulla cosiddetta modernit\u00e0 applicata al sociale. Insomma e fuor di metafora, si cerca di capire se l\u2019emancipazione cos\u00ec sbandierata da buona parte degli osservatori sociali sia un dato metabolizzato o, piuttosto, solo un\u2019illusione di passaggio. E che, ancora, tanto resta da costruire.<\/p>\n<p>&nbsp;<\/p>\n<p><strong>Il tentativo di razionalizzare<\/strong><br \/>\nA chiarire questo ultimo punto, aiuta un passo estrapolato dal romanzo:<br \/>\n\u00abNon \u00e8 questione di razzismo. Semplicemente, dopo tutto quello che abbiamo sudato vogliamo tenere fuori gente che potrebbe portare sbandamenti nella nostra comunit\u00e0\u00bb si giustific\u00f2 la voce. Il piccolo capostazione della piccola stazione del piccolo paese, aggiunse: \u00abA proposito di stranieri, proprio oggi ne \u00e8 arrivato uno. Non \u00e8 nero. Tuttavia, per me, \u00e8 un extracomunitario. Magari uno dell\u2019est\u2026 che poi \u00e8 la stessa cosa di quelli che sbarcano a Lampedusa. Secondo me \u00e8 un rumeno.\u00bb<\/p>\n<p>Va da se, che si \u00e8 di fronte a un argomentare che nasconde in maniera maldestra un atto di egoismo. Anche se con le caratteristiche di un\u2019auto difesa. Nel libro \u201cIl figlio del drago\u201d si muovono diversi personaggi. Fra i salienti si citano\u00a0July, Hans, il maresciallo, il sindaco, Giulia. Tutti rappresentativi dell\u2019attuale societ\u00e0. E di quella proiettata nell\u2019immediato futuro. Il protagonista, invece, prende il nome di Vlad Dracul. Un omaggio, sostanzialmente, a Bram Stoker e alla sua opera pi\u00f9 conosciuta, \u201cDracula\u201d.<\/p>\n","protected":false},"excerpt":{"rendered":"<p>Nel gennaio 2017 si era proposto con un testo legato a una fiction di grande successo, ovvero, le avventure di un gruppo di ragazzini provati dalla vita da subito. Il titolo era \u201cSono tornati i braccialetti rossi\u201d, pubblicazione che ha avuto un ottimo riscontro da parte dei lettori distribuiti in diverse fasce anagrafiche. Questa volta si cambia registro. Lo scrittore cegliese Parisi ha deciso di virare verso un argomento lontano dal target precedente. Tuttavia, l\u2019abbandono del gruppetto caro allo spagnolo Albert Espinosa non elimina l\u2019indagine sociale sottesa all\u2019opera del romanziere di origini pugliesi. &nbsp; Il figlio del drago Infatti, nel volume \u201cIl figlio del drago\u201d\u00a0(Editrice GDS, pagine 224, distribuzione Mondadori) pubblicato il 10 gennaio 2018, l\u2019interesse per i piccoli personaggi che si muovono in uno scenario ospedaliero cede il passo a un\u2019attenzione allargata a un ambito maggiore. Quello della societ\u00e0 del terzo millennio. Il libro vuole essere il tentativo di mettere in chiaro, fin dove possibile, la verit\u00e0 sulla cosiddetta modernit\u00e0 applicata al sociale. Insomma e fuor di metafora, si&#8230;<\/p>\n","protected":false},"author":2,"featured_media":124274,"comment_status":"open","ping_status":"closed","sticky":false,"template":"","format":"standard","meta":{"footnotes":""},"categories":[224,7],"tags":[5556],"class_list":["post-124273","post","type-post","status-publish","format-standard","has-post-thumbnail","hentry","category-libri","category-news","tag-il-figlio-del-drago"],"_links":{"self":[{"href":"https:\/\/www.brundisium.net\/index.php\/wp-json\/wp\/v2\/posts\/124273","targetHints":{"allow":["GET"]}}],"collection":[{"href":"https:\/\/www.brundisium.net\/index.php\/wp-json\/wp\/v2\/posts"}],"about":[{"href":"https:\/\/www.brundisium.net\/index.php\/wp-json\/wp\/v2\/types\/post"}],"author":[{"embeddable":true,"href":"https:\/\/www.brundisium.net\/index.php\/wp-json\/wp\/v2\/users\/2"}],"replies":[{"embeddable":true,"href":"https:\/\/www.brundisium.net\/index.php\/wp-json\/wp\/v2\/comments?post=124273"}],"version-history":[{"count":1,"href":"https:\/\/www.brundisium.net\/index.php\/wp-json\/wp\/v2\/posts\/124273\/revisions"}],"predecessor-version":[{"id":124275,"href":"https:\/\/www.brundisium.net\/index.php\/wp-json\/wp\/v2\/posts\/124273\/revisions\/124275"}],"wp:featuredmedia":[{"embeddable":true,"href":"https:\/\/www.brundisium.net\/index.php\/wp-json\/wp\/v2\/media\/124274"}],"wp:attachment":[{"href":"https:\/\/www.brundisium.net\/index.php\/wp-json\/wp\/v2\/media?parent=124273"}],"wp:term":[{"taxonomy":"category","embeddable":true,"href":"https:\/\/www.brundisium.net\/index.php\/wp-json\/wp\/v2\/categories?post=124273"},{"taxonomy":"post_tag","embeddable":true,"href":"https:\/\/www.brundisium.net\/index.php\/wp-json\/wp\/v2\/tags?post=124273"}],"curies":[{"name":"wp","href":"https:\/\/api.w.org\/{rel}","templated":true}]}}