{"id":124303,"date":"2018-02-02T08:34:09","date_gmt":"2018-02-02T07:34:09","guid":{"rendered":"http:\/\/www.brundisium.net\/?p=124303"},"modified":"2018-02-02T10:43:08","modified_gmt":"2018-02-02T09:43:08","slug":"m5s-san-vito-errore-tari-si-continua-a-perdere-tempo","status":"publish","type":"post","link":"https:\/\/www.brundisium.net\/index.php\/m5s-san-vito-errore-tari-si-continua-a-perdere-tempo\/","title":{"rendered":"M5S San Vito: &#8220;errore Tari, si continua a perdere tempo&#8221;"},"content":{"rendered":"<p>Attendiamo impazienti dal 30 Novembre dello scorso anno una risposta da parte dell\u2019Amministrazione Comunale riguardo alla questione TARI.<\/p>\n<p>&nbsp;<\/p>\n<p>San Vito \u00e8 tra il 10% dei comuni italiani ad aver generato centinaia di cartelle errate ed aver fatto pagare ingiustamente ai propri cittadini anche la quota variabile sulle pertinenze (garage, cantine, box) fin dal 2014. In un Consiglio Comunale pressoch\u00e9 deserto, senza diretta radiofonica n\u00e9 streaming a sancire la tanto sbandierata trasparenza promessa in campagna elettorale,\u00a0il Movimento 5 stelle present\u00f2 un\u2019interrogazione chiedendo quali fossero le azioni da porre in essere alla risoluzione del problema.<\/p>\n<p>&nbsp;<\/p>\n<p>In risposta al nostro quesito l\u2019Assessore al bilancio coraggiosamente esord\u00ec affermando che \u201cdi fatto l\u2019errore non c\u2019\u00e8\u201d, salvo poi correggersi dichiarando l\u2019anomalia come mero \u201cerrore applicativo\u201d. Affermare di aver sbagliato, insomma, proprio non gli riesce.<br \/>\nEppure, a seguito di un\u2019interrogazione parlamentare sull\u2019argomento, lo stesso Sottosegretario per l\u2019Economia e le Finanze ha ammesso che\u00a0la quota variabile della TARI va calcolata una sola volta, solo sull\u2019immobile principale e non sulle pertinenze. Evidentemente i rappresentanti del Governo in carica ne sanno molto meno dei nostri politici locali.<\/p>\n<p>&nbsp;<\/p>\n<p>Comunque, al fine di informare tutti in maniera dettagliata, l\u2019Assessore afferm\u00f2 che \u201cquesta comunicazione che oggi ho fatto in Consiglio Comunale sar\u00e0 oggetto di un\u2019apposita conferenza stampa, che convocheremo\u00a0a breve\u00a0per informare i cittadini\u201d. Com\u2019era prevedibile nulla \u00e8 stato fatto, nemmeno un comunicato; evidentemente c\u2019\u00e8 chi spera che il problema si risolva da solo o venga presto dimenticato.<br \/>\nEppure la tanto incosciente tranquillit\u00e0 sbandierata dai nostri amministratori locali in questi giorni pare inizi a vacillare. Come fulmine a ciel sereno, appare un articolo sulla Gazzetta del Mezzogiorno del 21 Gennaio scorso nel quale San Vito, assieme a San Michele Salentino, Cellino San Marco e Mesagne si rivolge al ministero e all\u2019ANCI per chiedere una soluzione al problema ed evitare tracolli finanziari.<\/p>\n<p>&nbsp;<\/p>\n<p>Qualcuno forse si \u00e8 svegliato, anche se l\u2019incontro non ha portato a risultati rilevanti poich\u00e9 ogni amministrazione deve confrontarsi con le rispettive specifiche situazioni.<\/p>\n<p>&nbsp;<\/p>\n<p>Ci si chiede allora: perch\u00e9 intraprendere un\u2019azione congiunta se ogni singola realt\u00e0 amministrativa sulla TARI ha problematiche diverse? Perch\u00e9 rallentare ulteriormente la macchina burocratica? Perch\u00e9 il Comune non agisce in maniera autonoma?<\/p>\n<p>&nbsp;<\/p>\n<p>Per questa amministrazione perdere tempo \u00e8 diventato un mestiere e far attendere i cittadini, purtroppo, una triste consuetudine. Da parte nostra la promessa \u00e8 quella di continuare ad interessarci dell\u2019argomento finch\u00e9 non avremo risposte chiare e soluzioni certe al fine di risolvere finalmente il problema. Perch\u00e9, a dispetto di ogni inutile giro di parole, per colpa, incompetenza o semplice superficialit\u00e0 l\u2019errore c\u2019\u00e8 stato eccome. Grande, palese e grave.<\/p>\n<p>&nbsp;<\/p>\n<p>COMUNICATO STAMPA M5S SAN VITO<\/p>\n","protected":false},"excerpt":{"rendered":"<p>Attendiamo impazienti dal 30 Novembre dello scorso anno una risposta da parte dell\u2019Amministrazione Comunale riguardo alla questione TARI. &nbsp; San Vito \u00e8 tra il 10% dei comuni italiani ad aver generato centinaia di cartelle errate ed aver fatto pagare ingiustamente ai propri cittadini anche la quota variabile sulle pertinenze (garage, cantine, box) fin dal 2014. In un Consiglio Comunale pressoch\u00e9 deserto, senza diretta radiofonica n\u00e9 streaming a sancire la tanto sbandierata trasparenza promessa in campagna elettorale,\u00a0il Movimento 5 stelle present\u00f2 un\u2019interrogazione chiedendo quali fossero le azioni da porre in essere alla risoluzione del problema. &nbsp; In risposta al nostro quesito l\u2019Assessore al bilancio coraggiosamente esord\u00ec affermando che \u201cdi fatto l\u2019errore non c\u2019\u00e8\u201d, salvo poi correggersi dichiarando l\u2019anomalia come mero \u201cerrore applicativo\u201d. Affermare di aver sbagliato, insomma, proprio non gli riesce. Eppure, a seguito di un\u2019interrogazione parlamentare sull\u2019argomento, lo stesso Sottosegretario per l\u2019Economia e le Finanze ha ammesso che\u00a0la quota variabile della TARI va calcolata una sola volta, solo sull\u2019immobile principale e non sulle pertinenze. Evidentemente i rappresentanti del Governo in&#8230;<\/p>\n","protected":false},"author":2,"featured_media":123978,"comment_status":"open","ping_status":"closed","sticky":false,"template":"","format":"standard","meta":{"footnotes":""},"categories":[7],"tags":[435,222],"class_list":["post-124303","post","type-post","status-publish","format-standard","has-post-thumbnail","hentry","category-news","tag-m5s","tag-san-vito"],"_links":{"self":[{"href":"https:\/\/www.brundisium.net\/index.php\/wp-json\/wp\/v2\/posts\/124303","targetHints":{"allow":["GET"]}}],"collection":[{"href":"https:\/\/www.brundisium.net\/index.php\/wp-json\/wp\/v2\/posts"}],"about":[{"href":"https:\/\/www.brundisium.net\/index.php\/wp-json\/wp\/v2\/types\/post"}],"author":[{"embeddable":true,"href":"https:\/\/www.brundisium.net\/index.php\/wp-json\/wp\/v2\/users\/2"}],"replies":[{"embeddable":true,"href":"https:\/\/www.brundisium.net\/index.php\/wp-json\/wp\/v2\/comments?post=124303"}],"version-history":[{"count":1,"href":"https:\/\/www.brundisium.net\/index.php\/wp-json\/wp\/v2\/posts\/124303\/revisions"}],"predecessor-version":[{"id":124308,"href":"https:\/\/www.brundisium.net\/index.php\/wp-json\/wp\/v2\/posts\/124303\/revisions\/124308"}],"wp:featuredmedia":[{"embeddable":true,"href":"https:\/\/www.brundisium.net\/index.php\/wp-json\/wp\/v2\/media\/123978"}],"wp:attachment":[{"href":"https:\/\/www.brundisium.net\/index.php\/wp-json\/wp\/v2\/media?parent=124303"}],"wp:term":[{"taxonomy":"category","embeddable":true,"href":"https:\/\/www.brundisium.net\/index.php\/wp-json\/wp\/v2\/categories?post=124303"},{"taxonomy":"post_tag","embeddable":true,"href":"https:\/\/www.brundisium.net\/index.php\/wp-json\/wp\/v2\/tags?post=124303"}],"curies":[{"name":"wp","href":"https:\/\/api.w.org\/{rel}","templated":true}]}}