{"id":124307,"date":"2018-02-02T10:59:34","date_gmt":"2018-02-02T09:59:34","guid":{"rendered":"http:\/\/www.brundisium.net\/?p=124307"},"modified":"2018-02-02T10:48:28","modified_gmt":"2018-02-02T09:48:28","slug":"grande-attenzione-per-la-giornata-di-studio-organizzata-dalla-diocesi-di-brindisi-ostuni","status":"publish","type":"post","link":"https:\/\/www.brundisium.net\/index.php\/grande-attenzione-per-la-giornata-di-studio-organizzata-dalla-diocesi-di-brindisi-ostuni\/","title":{"rendered":"Grande attenzione per la giornata di studio organizzata dalla Diocesi di Brindisi\/Ostuni"},"content":{"rendered":"<p>Si \u00e8 svolta nella giornata di domenica presso il Santuario di Jaddico in Brindisi, la giornata di studio e confronto organizzata dall\u2019Ufficio problemi sociali e del Lavoro della Diocesi di Brindisi\/Ostuni. L\u2019appuntamento \u00e8 stato fissato nell\u2019ottica della definizione dell\u2019Ufficio Diocesano medesimo e per la sua organizzazione nel territorio.<\/p>\n<p>&nbsp;<\/p>\n<p>L&#8217;incontro ha preso le mosse dal desiderio di un confronto profondo e vivace che coinvolgesse tutto il variegato territorio diocesano, ponendosi l\u2019obiettivo sia di individuare le pi\u00f9 rilevanti questioni sociali che lo investono quotidianamente, che soprattutto di indicare il percorso per un&#8217;azione pastorale efficace per la loro risoluzione. Tutto ci\u00f2 scaturisce nella certezza che, come afferma Papa Francesco, tanto l\u2019annuncio quanto l\u2019esperienza cristiana tendono a provocare conseguenze sociali. Per cui ogni credente deve sentirsi immerso nella realt\u00e0 in cui vive ed impegnarsi in prima persona per il bene comune.<\/p>\n<p>&nbsp;<\/p>\n<p>Dopo la registrazione dei partecipanti, tanto numerosi da costringere gli organizzatori a rivedere la scaletta dell\u2019incontro, i lavori sono proseguiti con la relazione di Don Walter Magnoni, Responsabile della Pastorale Sociale e del Lavoro dell\u2019Arcidiocesi di Milano e membro CEI nella commissione esperti su problemi sociali.<\/p>\n<p>&nbsp;<\/p>\n<p>Don Walter Magnoni ha sapientemente condotto l\u2019uditorio in un percorso di analisi storica e magisteriale che ha portato la Chiesa a riflettere sulle sfide sociali prodotte dal nostro tempo e l\u2019importanza di leggere la realt\u00e0 partendo dalla persona e dalla sua tutela, anche di fronte alle sfide del lavoro e della societ\u00e0. Successivamente \u00e8 intervenuto il dott. Ettore Rossi, direttore della Pastorale Sociale della Diocesi di Salerno, che ha fornito ai partecipanti gli strumenti gli strumenti metodologici cui attenersi nella conduzione dei successivi tavoli di confronto sulle problematiche che ritardano ed impediscono il corretto sviluppo sociale del nostro territorio.<\/p>\n<p>&nbsp;<\/p>\n<p>Tutti i partecipanti quindi, ancora sotto la attenta guida dei relatori, si sono confrontati in piccoli gruppi di lavoro ove ognuno ha potuto portare il proprio contributo di idee ed esperienze, ancora pi\u00f9 significative attesa la numerosa e variegata partecipazione, poi condensate in un documento finale riportato nella successiva sessione assembleare.<\/p>\n<p>&nbsp;<\/p>\n<p>Ci\u00f2 che maggiormente colpisce della riflessione dei partecipanti \u00e8 non solo la forte volont\u00e0 di mettersi in gioco personalmente per il bene del nostro territorio, ma anche il desiderio di formazione e coinvolgimento a tutti i livelli.<\/p>\n<p>&nbsp;<\/p>\n<p>A conclusione dell\u2019incontro entrambi i relatori hanno insistito nell\u2019importanza della dimensione pubblica della fede, che non si esaurisce nella dimensione ecclesiale ma abbraccia tutta l\u2019esistenza del cristiano e lo vede sempre impegnato in prima persona nella tutela del bene comune che si esprime anche nella rimozione degli impedimenti sociali che impediscono l\u2019integrale sviluppo e realizzazione della persona.<\/p>\n<p><strong><br \/>\nArcidiocesi di Brindisi-Ostuni<br \/>\nUfficio Problemi Sociali e Lavoro<\/strong><\/p>\n","protected":false},"excerpt":{"rendered":"<p>Si \u00e8 svolta nella giornata di domenica presso il Santuario di Jaddico in Brindisi, la giornata di studio e confronto organizzata dall\u2019Ufficio problemi sociali e del Lavoro della Diocesi di Brindisi\/Ostuni. L\u2019appuntamento \u00e8 stato fissato nell\u2019ottica della definizione dell\u2019Ufficio Diocesano medesimo e per la sua organizzazione nel territorio. &nbsp; L&#8217;incontro ha preso le mosse dal desiderio di un confronto profondo e vivace che coinvolgesse tutto il variegato territorio diocesano, ponendosi l\u2019obiettivo sia di individuare le pi\u00f9 rilevanti questioni sociali che lo investono quotidianamente, che soprattutto di indicare il percorso per un&#8217;azione pastorale efficace per la loro risoluzione. Tutto ci\u00f2 scaturisce nella certezza che, come afferma Papa Francesco, tanto l\u2019annuncio quanto l\u2019esperienza cristiana tendono a provocare conseguenze sociali. Per cui ogni credente deve sentirsi immerso nella realt\u00e0 in cui vive ed impegnarsi in prima persona per il bene comune. &nbsp; Dopo la registrazione dei partecipanti, tanto numerosi da costringere gli organizzatori a rivedere la scaletta dell\u2019incontro, i lavori sono proseguiti con la relazione di Don Walter Magnoni, Responsabile della Pastorale Sociale&#8230;<\/p>\n","protected":false},"author":2,"featured_media":5884,"comment_status":"open","ping_status":"closed","sticky":false,"template":"","format":"standard","meta":{"footnotes":""},"categories":[7],"tags":[842],"class_list":["post-124307","post","type-post","status-publish","format-standard","has-post-thumbnail","hentry","category-news","tag-arcidiocesi-di-brindisi-ostuni"],"_links":{"self":[{"href":"https:\/\/www.brundisium.net\/index.php\/wp-json\/wp\/v2\/posts\/124307","targetHints":{"allow":["GET"]}}],"collection":[{"href":"https:\/\/www.brundisium.net\/index.php\/wp-json\/wp\/v2\/posts"}],"about":[{"href":"https:\/\/www.brundisium.net\/index.php\/wp-json\/wp\/v2\/types\/post"}],"author":[{"embeddable":true,"href":"https:\/\/www.brundisium.net\/index.php\/wp-json\/wp\/v2\/users\/2"}],"replies":[{"embeddable":true,"href":"https:\/\/www.brundisium.net\/index.php\/wp-json\/wp\/v2\/comments?post=124307"}],"version-history":[{"count":1,"href":"https:\/\/www.brundisium.net\/index.php\/wp-json\/wp\/v2\/posts\/124307\/revisions"}],"predecessor-version":[{"id":124309,"href":"https:\/\/www.brundisium.net\/index.php\/wp-json\/wp\/v2\/posts\/124307\/revisions\/124309"}],"wp:featuredmedia":[{"embeddable":true,"href":"https:\/\/www.brundisium.net\/index.php\/wp-json\/wp\/v2\/media\/5884"}],"wp:attachment":[{"href":"https:\/\/www.brundisium.net\/index.php\/wp-json\/wp\/v2\/media?parent=124307"}],"wp:term":[{"taxonomy":"category","embeddable":true,"href":"https:\/\/www.brundisium.net\/index.php\/wp-json\/wp\/v2\/categories?post=124307"},{"taxonomy":"post_tag","embeddable":true,"href":"https:\/\/www.brundisium.net\/index.php\/wp-json\/wp\/v2\/tags?post=124307"}],"curies":[{"name":"wp","href":"https:\/\/api.w.org\/{rel}","templated":true}]}}