{"id":124473,"date":"2018-02-04T20:56:33","date_gmt":"2018-02-04T19:56:33","guid":{"rendered":"http:\/\/www.brundisium.net\/?p=124473"},"modified":"2018-02-04T21:10:42","modified_gmt":"2018-02-04T20:10:42","slug":"generazione-smartphone-nuova-emergenza-educativa-se-ne-parla-venerdi-a-san-pancrazio","status":"publish","type":"post","link":"https:\/\/www.brundisium.net\/index.php\/generazione-smartphone-nuova-emergenza-educativa-se-ne-parla-venerdi-a-san-pancrazio\/","title":{"rendered":"Generazione Smartphone: nuova emergenza educativa? se ne parla venerd\u00ec a San Pancrazio"},"content":{"rendered":"<p>Venerd\u00ec 0 Febbraio, alle ore 17.00, a San Pancrazio Salentino (Br) nell&#8217;Aula Magna del Plesso Scolastico \u201cDon Milani\u201d, si terr\u00e0 il convegno sul tema: &#8220;Generazione Smartphone: nuova emergenza educativa?,&#8221; dedicato a Mimino Sconosciuto e Rosa Friolo, maestri di vita!<\/p>\n<p>&nbsp;<\/p>\n<p>L&#8217;iniziativa \u00e8 organizzata dal Gruppo Amici con Tonino Bello, Salento InOpera, Radio Studio 2 SPS in collaborazione con Il Giglio della Valle, Sociologia in Progress, AFIPS, Bambinibamb\u00f9 e con il patrocinio di Comune di San Pancrazio Salentino e CSV Poiesis (Centro Servizi al Volontariato della provincia di Brindisi).<\/p>\n<p>&nbsp;<\/p>\n<p>&nbsp;<\/p>\n<p>Mimino Sconosciuto e Rosa Friolo, insegnanti di San Pancrazio Salentino per tanti anni a servizio della scuola, del territorio e della formazione delle nuove generazioni, deceduti per tumore rispettivamente il 3 e il 4 maggio del 2017, hanno dato il loro contributo socio-educativo anche allo sviluppo dell\u2019associazionismo locale. In particolare, rispettivamente, alla Caritas parrocchiale e a Retinopera Salento, il cui percorso associativo si \u00e8 concluso il 2 ottobre 2016 ad Alessano sulla tomba di don Tonino Bello, dopo 15 anni di impegno sulla rete e nella citt\u00e0 dell&#8217;uomo. Da quel fermento \u00e8 nato il gruppo &#8220;Amici con Tonino Bello&#8221; che con questo convegno, ha inteso ricordare i maestri Mimino e Rosa con la trattazione di un tema di grande rilevanza socio-psico-pedagogica.<\/p>\n<p>&nbsp;<\/p>\n<p>Presentazione dei temi del convegno: Rino Spedicato<br \/>\nSaluti:<br \/>\nSalvatore Ripa (Sindaco del Comune di San Pancrazio Salentino)<br \/>\nRosetta Carlino (Dirigente Scolastica)<\/p>\n<p>Interventi brevi:<br \/>\nCinzia Nocco (Sociologa)<br \/>\nSonia Melgiovanni (Psicologa)<br \/>\nRaffaella Dario (Mediatrice familiare)<br \/>\nFrancesco Paolo Romeo (Psico-pedagogista, Docente Universitario e Giudice onorario Tribunale per i Minorenni di Taranto)<\/p>\n<p>Al termine, il ricordo di Mimino Sconosciuto e Rosa Friolo a cura dell&#8217;Insegnante Giovanna Vantaggiato<\/p>\n<p>Nell&#8217;ambito della serata \u00e8 previsto uno spazio di presentazione del libro \u201cDi tempo veloce, di flebile voce, d\u2019amore fugace\u201d, la nuova raccolta di poesie dell\u2019autore Piero Tafuro, che ha lo scopo di sostenere concretamente la LILT (Associazione per la lotta contro i tumori) nella realizzazione del Centro ILMA a Gallipoli, la nuova struttura che ospiter\u00e0 locali e mezzi all\u2019avanguardia per la ricerca, la prevenzione, la cura e la riabilitazione per tutte le patologie oncologiche.<\/p>\n","protected":false},"excerpt":{"rendered":"<p>Venerd\u00ec 0 Febbraio, alle ore 17.00, a San Pancrazio Salentino (Br) nell&#8217;Aula Magna del Plesso Scolastico \u201cDon Milani\u201d, si terr\u00e0 il convegno sul tema: &#8220;Generazione Smartphone: nuova emergenza educativa?,&#8221; dedicato a Mimino Sconosciuto e Rosa Friolo, maestri di vita! &nbsp; L&#8217;iniziativa \u00e8 organizzata dal Gruppo Amici con Tonino Bello, Salento InOpera, Radio Studio 2 SPS in collaborazione con Il Giglio della Valle, Sociologia in Progress, AFIPS, Bambinibamb\u00f9 e con il patrocinio di Comune di San Pancrazio Salentino e CSV Poiesis (Centro Servizi al Volontariato della provincia di Brindisi). &nbsp; &nbsp; Mimino Sconosciuto e Rosa Friolo, insegnanti di San Pancrazio Salentino per tanti anni a servizio della scuola, del territorio e della formazione delle nuove generazioni, deceduti per tumore rispettivamente il 3 e il 4 maggio del 2017, hanno dato il loro contributo socio-educativo anche allo sviluppo dell\u2019associazionismo locale. In particolare, rispettivamente, alla Caritas parrocchiale e a Retinopera Salento, il cui percorso associativo si \u00e8 concluso il 2 ottobre 2016 ad Alessano sulla tomba di don Tonino Bello, dopo 15 anni&#8230;<\/p>\n","protected":false},"author":2,"featured_media":124474,"comment_status":"open","ping_status":"closed","sticky":false,"template":"","format":"standard","meta":{"footnotes":""},"categories":[7],"tags":[2067],"class_list":["post-124473","post","type-post","status-publish","format-standard","has-post-thumbnail","hentry","category-news","tag-san-pancrazio"],"_links":{"self":[{"href":"https:\/\/www.brundisium.net\/index.php\/wp-json\/wp\/v2\/posts\/124473","targetHints":{"allow":["GET"]}}],"collection":[{"href":"https:\/\/www.brundisium.net\/index.php\/wp-json\/wp\/v2\/posts"}],"about":[{"href":"https:\/\/www.brundisium.net\/index.php\/wp-json\/wp\/v2\/types\/post"}],"author":[{"embeddable":true,"href":"https:\/\/www.brundisium.net\/index.php\/wp-json\/wp\/v2\/users\/2"}],"replies":[{"embeddable":true,"href":"https:\/\/www.brundisium.net\/index.php\/wp-json\/wp\/v2\/comments?post=124473"}],"version-history":[{"count":1,"href":"https:\/\/www.brundisium.net\/index.php\/wp-json\/wp\/v2\/posts\/124473\/revisions"}],"predecessor-version":[{"id":124475,"href":"https:\/\/www.brundisium.net\/index.php\/wp-json\/wp\/v2\/posts\/124473\/revisions\/124475"}],"wp:featuredmedia":[{"embeddable":true,"href":"https:\/\/www.brundisium.net\/index.php\/wp-json\/wp\/v2\/media\/124474"}],"wp:attachment":[{"href":"https:\/\/www.brundisium.net\/index.php\/wp-json\/wp\/v2\/media?parent=124473"}],"wp:term":[{"taxonomy":"category","embeddable":true,"href":"https:\/\/www.brundisium.net\/index.php\/wp-json\/wp\/v2\/categories?post=124473"},{"taxonomy":"post_tag","embeddable":true,"href":"https:\/\/www.brundisium.net\/index.php\/wp-json\/wp\/v2\/tags?post=124473"}],"curies":[{"name":"wp","href":"https:\/\/api.w.org\/{rel}","templated":true}]}}