{"id":124493,"date":"2018-02-05T11:03:28","date_gmt":"2018-02-05T10:03:28","guid":{"rendered":"http:\/\/www.brundisium.net\/?p=124493"},"modified":"2018-02-11T07:37:37","modified_gmt":"2018-02-11T06:37:37","slug":"camilla-clorofilla-e-il-bosco-che-brilla-il-libro-di-filastrocche-per-bambini-di-gianluigi-cosi","status":"publish","type":"post","link":"https:\/\/www.brundisium.net\/index.php\/camilla-clorofilla-e-il-bosco-che-brilla-il-libro-di-filastrocche-per-bambini-di-gianluigi-cosi\/","title":{"rendered":"Camilla clorofilla e il bosco che brilla: il libro di filastrocche per bambini di Gianluigi Cosi"},"content":{"rendered":"<p><a href=\"http:\/\/www.brundisium.net\/brun\/wp-content\/uploads\/2018\/02\/camilla-in-tour1.jpg\"><img loading=\"lazy\" decoding=\"async\" class=\"alignleft size-medium wp-image-124494\" src=\"http:\/\/www.brundisium.net\/brun\/wp-content\/uploads\/2018\/02\/camilla-in-tour1-212x300.jpg\" alt=\"\" width=\"212\" height=\"300\" srcset=\"https:\/\/www.brundisium.net\/brun\/wp-content\/uploads\/2018\/02\/camilla-in-tour1-212x300.jpg 212w, https:\/\/www.brundisium.net\/brun\/wp-content\/uploads\/2018\/02\/camilla-in-tour1.jpg 620w\" sizes=\"auto, (max-width: 212px) 100vw, 212px\" \/><\/a>\u00a0\u00c8 nata nella Giornata nazionale degli Alberi la nuova pubblicazione di Gianluigi Cosi. Si intitola \u201cCamilla Clorofilla e il bosco che brilla\u201c, edita da Il Raggio Verde. Dopo il successo editoriale di \u201cBetta Caretta e gli amici della macchia\u201d, una nuova raccolta di \u201cfilastrocche tra le foglie e il cielo\u201d per far capire, in particolar modo ai bambini, l\u2019importanza e il ruolo fondamentale che gli alberi e le piante hanno nell\u2019ecosistema.<\/p>\n<p>&nbsp;<\/p>\n<p>Perch\u00e9 \u00e8 necessario sensibilizzare sin dalla pi\u00f9 tenera et\u00e0 al rispetto della Natura e dell\u2019Ambiente, promuovere la conoscenza dell\u2019ecosistema boschivo, la tutela della biodiversit\u00e0 e il rispetto delle specie arboree. Restate sintonizzati per conoscere tutte le news e incominciare con noi questo nuovo viaggio con Camilla Clorofilla!<\/p>\n<p>&nbsp;<\/p>\n<p>&nbsp;<\/p>\n<p><a href=\"http:\/\/www.brundisium.net\/brun\/wp-content\/uploads\/2018\/02\/gigi1.jpg\"><img loading=\"lazy\" decoding=\"async\" class=\"size-medium wp-image-124495 alignright\" src=\"http:\/\/www.brundisium.net\/brun\/wp-content\/uploads\/2018\/02\/gigi1-225x300.jpg\" alt=\"\" width=\"225\" height=\"300\" srcset=\"https:\/\/www.brundisium.net\/brun\/wp-content\/uploads\/2018\/02\/gigi1-225x300.jpg 225w, https:\/\/www.brundisium.net\/brun\/wp-content\/uploads\/2018\/02\/gigi1-768x1024.jpg 768w, https:\/\/www.brundisium.net\/brun\/wp-content\/uploads\/2018\/02\/gigi1-300x400.jpg 300w, https:\/\/www.brundisium.net\/brun\/wp-content\/uploads\/2018\/02\/gigi1.jpg 1920w\" sizes=\"auto, (max-width: 225px) 100vw, 225px\" \/><br \/>\n<\/a>Gianluigi Cosi \u00e8 nato a Brindisi il 24\/3\/76 e muove i primi passi artistici nel mondo della musica.<\/p>\n<p>Negli anni \u201990 comincia a studiare chitarra, ad interpretare canzoni e a partecipare a vari concorsi canori.<br \/>\nNel \u201999 nasce il suo primo lavoro autoprodotto dal titolo \u201cSogni\u201d,\u00a0seguito, nel 2001 da \u201cNon esiste al mondo\u201d.<br \/>\nPartecipa all\u2019Accademia di San Remo, vince il 3\u00b0 festival della canzone \u201cCitt\u00e0 di Brindisi\u201d\u00a0ed il Premio Delfino \u201cCitt\u00e0 di Carovigno\u201d-<br \/>\nNegli anni seguenti realizza\u00a0diverse produzioni musicale e nel 2007\u00a0fonda\u00a0\u00a0la coverband &#8220;I Rinoplastici&#8221; che porta nei locali il repertorio dei grandi successi di Rino Gaetano.<br \/>\nDal 2014 porta in giro uno spettacolo per bambini dal titolo \u201cCi vuole un fiore cantando Endrigo leggendo Rodari\u201d.<br \/>\nNel 2015\u00a0arriva la sua prima avventura letteraria:\u00a0esce\u00a0&#8220;Betta Caretta e gli amici della macchia&#8221;, unlibro di filastrocche edito\u00a0da &#8220;Il\u00a0raggio verde&#8221;.\u00a0Da gennaio 2016 porta in giro uno spettacolo di musica e teatro ispirato al suo libro con l\u2019artista Paola Giglio.<br \/>\nA maggio 2016 partecipa al festival letterario Armonia di Tricase e nell&#8217;Agosto il libro si aggiufica una menzione di merito al premio la Fiabastrocca di\u00a0Napoli.<\/p>\n<p>A fine dicembre 2017 esce il secondo libro di filastrocche dal titolo \u201cCamilla Clorofilla e il bosco che brilla\u201d.<\/p>\n<p>&nbsp;<\/p>\n","protected":false},"excerpt":{"rendered":"<p>\u00a0\u00c8 nata nella Giornata nazionale degli Alberi la nuova pubblicazione di Gianluigi Cosi. Si intitola \u201cCamilla Clorofilla e il bosco che brilla\u201c, edita da Il Raggio Verde. Dopo il successo editoriale di \u201cBetta Caretta e gli amici della macchia\u201d, una nuova raccolta di \u201cfilastrocche tra le foglie e il cielo\u201d per far capire, in particolar modo ai bambini, l\u2019importanza e il ruolo fondamentale che gli alberi e le piante hanno nell\u2019ecosistema. &nbsp; Perch\u00e9 \u00e8 necessario sensibilizzare sin dalla pi\u00f9 tenera et\u00e0 al rispetto della Natura e dell\u2019Ambiente, promuovere la conoscenza dell\u2019ecosistema boschivo, la tutela della biodiversit\u00e0 e il rispetto delle specie arboree. Restate sintonizzati per conoscere tutte le news e incominciare con noi questo nuovo viaggio con Camilla Clorofilla! &nbsp; &nbsp; Gianluigi Cosi \u00e8 nato a Brindisi il 24\/3\/76 e muove i primi passi artistici nel mondo della musica. Negli anni \u201990 comincia a studiare chitarra, ad interpretare canzoni e a partecipare a vari concorsi canori. Nel \u201999 nasce il suo primo lavoro autoprodotto dal titolo \u201cSogni\u201d,\u00a0seguito, nel 2001 da&#8230;<\/p>\n","protected":false},"author":2,"featured_media":124496,"comment_status":"open","ping_status":"closed","sticky":false,"template":"","format":"standard","meta":{"footnotes":""},"categories":[7],"tags":[3903],"class_list":["post-124493","post","type-post","status-publish","format-standard","has-post-thumbnail","hentry","category-news","tag-gianluigi-cosi"],"_links":{"self":[{"href":"https:\/\/www.brundisium.net\/index.php\/wp-json\/wp\/v2\/posts\/124493","targetHints":{"allow":["GET"]}}],"collection":[{"href":"https:\/\/www.brundisium.net\/index.php\/wp-json\/wp\/v2\/posts"}],"about":[{"href":"https:\/\/www.brundisium.net\/index.php\/wp-json\/wp\/v2\/types\/post"}],"author":[{"embeddable":true,"href":"https:\/\/www.brundisium.net\/index.php\/wp-json\/wp\/v2\/users\/2"}],"replies":[{"embeddable":true,"href":"https:\/\/www.brundisium.net\/index.php\/wp-json\/wp\/v2\/comments?post=124493"}],"version-history":[{"count":1,"href":"https:\/\/www.brundisium.net\/index.php\/wp-json\/wp\/v2\/posts\/124493\/revisions"}],"predecessor-version":[{"id":124506,"href":"https:\/\/www.brundisium.net\/index.php\/wp-json\/wp\/v2\/posts\/124493\/revisions\/124506"}],"wp:featuredmedia":[{"embeddable":true,"href":"https:\/\/www.brundisium.net\/index.php\/wp-json\/wp\/v2\/media\/124496"}],"wp:attachment":[{"href":"https:\/\/www.brundisium.net\/index.php\/wp-json\/wp\/v2\/media?parent=124493"}],"wp:term":[{"taxonomy":"category","embeddable":true,"href":"https:\/\/www.brundisium.net\/index.php\/wp-json\/wp\/v2\/categories?post=124493"},{"taxonomy":"post_tag","embeddable":true,"href":"https:\/\/www.brundisium.net\/index.php\/wp-json\/wp\/v2\/tags?post=124493"}],"curies":[{"name":"wp","href":"https:\/\/api.w.org\/{rel}","templated":true}]}}