{"id":124810,"date":"2018-02-08T12:48:53","date_gmt":"2018-02-08T11:48:53","guid":{"rendered":"http:\/\/www.brundisium.net\/?p=124810"},"modified":"2018-02-08T12:48:53","modified_gmt":"2018-02-08T11:48:53","slug":"aisla-assegno-di-cura-in-puglia-ultimo-appello","status":"publish","type":"post","link":"https:\/\/www.brundisium.net\/index.php\/aisla-assegno-di-cura-in-puglia-ultimo-appello\/","title":{"rendered":"Aisla: assegno di cura in Puglia, ultimo appello"},"content":{"rendered":"<p>Condividiamo con la nostra comunit\u00e0 la forte preoccupazione in merito all\u2019erogazione da parte di Regione Puglia dell\u2019assegno di cura che \u2013 nonostante la determina n.13 del 25 gennaio u.s. \u2013 da 7 mesi ormai \u00e8 purtroppo ancora ferma.<\/p>\n<p>Nella giornata di marted\u00ec 6 febbraio AISLA ha ribadito all\u2019assessore Ruggeri del Welfare, unitamente a tutte le associazioni dei disabili gravissimi costituenti il tavolo tecnico regionale del Fondo per la Non Autosufficienza, il proprio disappunto sia in merito al blocco dei fondi che ai tempi della comunicazione della lista degli aventi diritto.<\/p>\n<p>&nbsp;<\/p>\n<p>Non solo \u00e8 inaccettabile lasciare senza sostegno economico famiglie gi\u00e0 duramente provate da una malattia devastante come la SLA ma, da nostre informazioni, ci risulta che gli attuali criteri andranno ad escludere diverse famiglie SLA.<br \/>\nAl termine dell\u2019incontro la Regione si \u00e8 impegnata a garantire equit\u00e0 di accesso a tutti gli effettivi aventi diritto, fissando un nuovo appuntamento per marted\u00ec 13 febbraio. Visti i ripetuti incontri e confronti protratti in questi mesi, confidiamo in tale data per la risoluzione dei problemi condivisi evitandoci, cos\u00ec, azioni di protesta pi\u00f9 significative e forti.<\/p>\n<p>&nbsp;<\/p>\n<p><em><strong>AISLA Puglia<\/strong><\/em><\/p>\n","protected":false},"excerpt":{"rendered":"<p>Condividiamo con la nostra comunit\u00e0 la forte preoccupazione in merito all\u2019erogazione da parte di Regione Puglia dell\u2019assegno di cura che \u2013 nonostante la determina n.13 del 25 gennaio u.s. \u2013 da 7 mesi ormai \u00e8 purtroppo ancora ferma. Nella giornata di marted\u00ec 6 febbraio AISLA ha ribadito all\u2019assessore Ruggeri del Welfare, unitamente a tutte le associazioni dei disabili gravissimi costituenti il tavolo tecnico regionale del Fondo per la Non Autosufficienza, il proprio disappunto sia in merito al blocco dei fondi che ai tempi della comunicazione della lista degli aventi diritto. &nbsp; Non solo \u00e8 inaccettabile lasciare senza sostegno economico famiglie gi\u00e0 duramente provate da una malattia devastante come la SLA ma, da nostre informazioni, ci risulta che gli attuali criteri andranno ad escludere diverse famiglie SLA. Al termine dell\u2019incontro la Regione si \u00e8 impegnata a garantire equit\u00e0 di accesso a tutti gli effettivi aventi diritto, fissando un nuovo appuntamento per marted\u00ec 13 febbraio. Visti i ripetuti incontri e confronti protratti in questi mesi, confidiamo in tale data per la risoluzione&#8230;<\/p>\n","protected":false},"author":2,"featured_media":124811,"comment_status":"open","ping_status":"closed","sticky":false,"template":"","format":"standard","meta":{"footnotes":""},"categories":[7],"tags":[5579,342],"class_list":["post-124810","post","type-post","status-publish","format-standard","has-post-thumbnail","hentry","category-news","tag-aisla","tag-csv-poiesis"],"_links":{"self":[{"href":"https:\/\/www.brundisium.net\/index.php\/wp-json\/wp\/v2\/posts\/124810","targetHints":{"allow":["GET"]}}],"collection":[{"href":"https:\/\/www.brundisium.net\/index.php\/wp-json\/wp\/v2\/posts"}],"about":[{"href":"https:\/\/www.brundisium.net\/index.php\/wp-json\/wp\/v2\/types\/post"}],"author":[{"embeddable":true,"href":"https:\/\/www.brundisium.net\/index.php\/wp-json\/wp\/v2\/users\/2"}],"replies":[{"embeddable":true,"href":"https:\/\/www.brundisium.net\/index.php\/wp-json\/wp\/v2\/comments?post=124810"}],"version-history":[{"count":1,"href":"https:\/\/www.brundisium.net\/index.php\/wp-json\/wp\/v2\/posts\/124810\/revisions"}],"predecessor-version":[{"id":124812,"href":"https:\/\/www.brundisium.net\/index.php\/wp-json\/wp\/v2\/posts\/124810\/revisions\/124812"}],"wp:featuredmedia":[{"embeddable":true,"href":"https:\/\/www.brundisium.net\/index.php\/wp-json\/wp\/v2\/media\/124811"}],"wp:attachment":[{"href":"https:\/\/www.brundisium.net\/index.php\/wp-json\/wp\/v2\/media?parent=124810"}],"wp:term":[{"taxonomy":"category","embeddable":true,"href":"https:\/\/www.brundisium.net\/index.php\/wp-json\/wp\/v2\/categories?post=124810"},{"taxonomy":"post_tag","embeddable":true,"href":"https:\/\/www.brundisium.net\/index.php\/wp-json\/wp\/v2\/tags?post=124810"}],"curies":[{"name":"wp","href":"https:\/\/api.w.org\/{rel}","templated":true}]}}