{"id":124931,"date":"2018-02-09T15:10:43","date_gmt":"2018-02-09T14:10:43","guid":{"rendered":"http:\/\/www.brundisium.net\/?p=124931"},"modified":"2018-02-11T07:37:13","modified_gmt":"2018-02-11T06:37:13","slug":"mai-piu-fascismi-si-mobilitano-cgil-arci-e-anpi","status":"publish","type":"post","link":"https:\/\/www.brundisium.net\/index.php\/mai-piu-fascismi-si-mobilitano-cgil-arci-e-anpi\/","title":{"rendered":"Mai pi\u00f9 fascismi: si mobilitano Cgil, Arci e Anpi"},"content":{"rendered":"<p>La CGIL di Brindisi promuove sul territorio provinciale un coordinamento, insieme a tutte le Associazioni democratiche e antifasciste che hanno aderito all\u2019appello nazionale \u201cMAI PIU\u2019 FASCISMI\u201d, a partire dall\u2019ANPI, LIBERA e ARCI, finalizzato ad agire in sintonia con il coordinamento nazionale siglato da ventitr\u00e9 organizzazioni (associazioni, sindacati e partiti), che unitariamente hanno dato avvio ad una campagna nazionale di diffusione di un documento \u2013 petizione (MAI PIU\u2019 FASCISMI.<\/p>\n<p>&nbsp;<\/p>\n<p>Il rispetto dei valori della Costituzione e il ricordo di coloro che si sono sacrificati per giungere alla proclamazione della Repubblica Democratica fondata sul Lavoro sono valori fondamentali per la CGIL!<\/p>\n<p>&nbsp;<\/p>\n<p>In questo periodo di campagna elettorale alcune fazioni prive di programmi elettorali ed alla ricerca di consensi estremi hanno diffuso un\u2019 idea fascista e anti democratica.<\/p>\n<p>&nbsp;<\/p>\n<p>Dare a questi esaltati la possibilit\u00e0 di sentirsi protagonisti, \u00e8 quanto di pi\u00f9 sbagliato e anticostituzionale per una Repubblica come la nostra che \u00e8 sempre stata testimone principale della collaborazione e dell\u2019accoglienza.<br \/>\nLa Nostra storia ci insegna che siamo antifascisti e, dunque, indignati per l\u2019episodio avvenuto a Macerata che rappresenta un episodio clou di un\u2019incalzare sempre pi\u00f9 pericoloso da parte di fasce estreme di organizzazioni, razziste e xenofobe.<\/p>\n<p>&nbsp;<\/p>\n<p>I comportamenti di stampo fascista che feriscono gli individui e la dignit\u00e0 della Repubblica, nata dalla Resistenza, saranno oggetto di specifica censura da parte di tutti i Cittadini che, nella giornata di mobilitazione nazionale indetta da CGIL per il giorno sabato 10 febbraio, esprimeranno il loro pi\u00f9 fermo dissenso contro chi vuole cancellare la storia e la Nostra Repubblica Democratica.<br \/>\n\u00c8 ora di dire basta!<\/p>\n<p>&nbsp;<\/p>\n<p>Il 10 febbraio a Brindisi associazioni, partiti, sindacati, movimenti democratici, tutti insieme diranno no al fascismo e al razzismo.<\/p>\n<p>&nbsp;<\/p>\n<p>Di seguito il programma degli appuntamenti previsti per il 10 febbraio p.v. nella Provincia di Brindisi:<\/p>\n<p>\u2022 Presidio in piazza della Vittoria a Brindisi con inizio dalle ore 10,30;<br \/>\n\u2022 Raccolta firme a sostegno dell\u2019appello nazionale \u201cMAI PIU\u2019 FASCISMI\u201d;<br \/>\n\u2022 Apertura di tutte le Camere del Lavoro territoriali per discutere con i Cittadini sule tema della democrazia e dell\u2019antifascismo;<br \/>\n\u2022 In mattinata incontro con gli studenti dell\u2019Istituto Monticelli di Brindisi per discutere sul tema dell\u2019antifascismo e della democrazia.<\/p>\n","protected":false},"excerpt":{"rendered":"<p>La CGIL di Brindisi promuove sul territorio provinciale un coordinamento, insieme a tutte le Associazioni democratiche e antifasciste che hanno aderito all\u2019appello nazionale \u201cMAI PIU\u2019 FASCISMI\u201d, a partire dall\u2019ANPI, LIBERA e ARCI, finalizzato ad agire in sintonia con il coordinamento nazionale siglato da ventitr\u00e9 organizzazioni (associazioni, sindacati e partiti), che unitariamente hanno dato avvio ad una campagna nazionale di diffusione di un documento \u2013 petizione (MAI PIU\u2019 FASCISMI. &nbsp; Il rispetto dei valori della Costituzione e il ricordo di coloro che si sono sacrificati per giungere alla proclamazione della Repubblica Democratica fondata sul Lavoro sono valori fondamentali per la CGIL! &nbsp; In questo periodo di campagna elettorale alcune fazioni prive di programmi elettorali ed alla ricerca di consensi estremi hanno diffuso un\u2019 idea fascista e anti democratica. &nbsp; Dare a questi esaltati la possibilit\u00e0 di sentirsi protagonisti, \u00e8 quanto di pi\u00f9 sbagliato e anticostituzionale per una Repubblica come la nostra che \u00e8 sempre stata testimone principale della collaborazione e dell\u2019accoglienza. La Nostra storia ci insegna che siamo antifascisti e, dunque,&#8230;<\/p>\n","protected":false},"author":2,"featured_media":124932,"comment_status":"open","ping_status":"closed","sticky":false,"template":"","format":"standard","meta":{"footnotes":""},"categories":[7],"tags":[1282,4421,236],"class_list":["post-124931","post","type-post","status-publish","format-standard","has-post-thumbnail","hentry","category-news","tag-anpi","tag-arci","tag-cgil"],"_links":{"self":[{"href":"https:\/\/www.brundisium.net\/index.php\/wp-json\/wp\/v2\/posts\/124931","targetHints":{"allow":["GET"]}}],"collection":[{"href":"https:\/\/www.brundisium.net\/index.php\/wp-json\/wp\/v2\/posts"}],"about":[{"href":"https:\/\/www.brundisium.net\/index.php\/wp-json\/wp\/v2\/types\/post"}],"author":[{"embeddable":true,"href":"https:\/\/www.brundisium.net\/index.php\/wp-json\/wp\/v2\/users\/2"}],"replies":[{"embeddable":true,"href":"https:\/\/www.brundisium.net\/index.php\/wp-json\/wp\/v2\/comments?post=124931"}],"version-history":[{"count":1,"href":"https:\/\/www.brundisium.net\/index.php\/wp-json\/wp\/v2\/posts\/124931\/revisions"}],"predecessor-version":[{"id":124933,"href":"https:\/\/www.brundisium.net\/index.php\/wp-json\/wp\/v2\/posts\/124931\/revisions\/124933"}],"wp:featuredmedia":[{"embeddable":true,"href":"https:\/\/www.brundisium.net\/index.php\/wp-json\/wp\/v2\/media\/124932"}],"wp:attachment":[{"href":"https:\/\/www.brundisium.net\/index.php\/wp-json\/wp\/v2\/media?parent=124931"}],"wp:term":[{"taxonomy":"category","embeddable":true,"href":"https:\/\/www.brundisium.net\/index.php\/wp-json\/wp\/v2\/categories?post=124931"},{"taxonomy":"post_tag","embeddable":true,"href":"https:\/\/www.brundisium.net\/index.php\/wp-json\/wp\/v2\/tags?post=124931"}],"curies":[{"name":"wp","href":"https:\/\/api.w.org\/{rel}","templated":true}]}}