{"id":124952,"date":"2018-02-09T17:00:49","date_gmt":"2018-02-09T16:00:49","guid":{"rendered":"http:\/\/www.brundisium.net\/?p=124952"},"modified":"2018-02-10T09:22:24","modified_gmt":"2018-02-10T08:22:24","slug":"derrico-leu-salvini-non-condanna-la-follia-omicida-di-uno-dei-suoi-candidati","status":"publish","type":"post","link":"https:\/\/www.brundisium.net\/index.php\/derrico-leu-salvini-non-condanna-la-follia-omicida-di-uno-dei-suoi-candidati\/","title":{"rendered":"D&#8217;Errico (LEU): &#8220;Salvini non condanna la follia omicida di uno dei suoi candidati&#8221;"},"content":{"rendered":"<p>Salvini, quello che da Bormio ha incoronato l\u2019avvocato Massimo Ciullo candidato sindaco di Brindisi per la Lega Nord (furbescamente, oggi, per rendere un po\u2019 pi\u00f9 credibile il suo progetto politico ha eliminato il \u201cNord\u201d dal simbolo) non \u00e8 riuscito a condannare, senza se e senza ma, la follia omicida di uno dei suoi candidati alle amministrative di giugno scorso.<\/p>\n<p>&nbsp;<\/p>\n<p>Ha detto \u201cchiunque spari \u00e8 un delinquente ma la responsabilit\u00e0 morale \u00e8 di quelli che hanno riempito di profughi il nostro Paese\u201d.<\/p>\n<p>&nbsp;<\/p>\n<p>Facendo finta di non sapere che a Macerata secondo l\u2019ISTAT gli immigrati negli ultimi cinque anni sono diminuiti.<br \/>\nQuindi, secondo il ragionamento arguto di Salvini, io che sostengo che bisogna accogliere gli immigrati indipendentemente dal fatto che fuggano dalla morte della guerra o dalla morte per povert\u00e0 e fame sono moralmente complice del folle italiano che va sparando sugli immigrati come se fosse al tiro a segno di un luna-park?<br \/>\nNo!!! Non ci sto!<\/p>\n<p>&nbsp;<\/p>\n<p>Forse sarebbe meglio e pi\u00f9 virtuoso recuperare il principio di solidariet\u00e0 espresso nella Carta dei Diritti Fondamentali dell\u2019Unione Europea e cercare di svolgere, nel rispetto di regole condivise, il ruolo che ci spetta come paese civilizzato ed economicamente pi\u00f9 ricco; visto anche le responsabilit\u00e0 che abbiamo nell\u2019aver impoverito paesi che invece avevano ed hanno ingenti ricchezze (Niger tanto per fare un esempio) per tutelare il nostro benessere. Anche perch\u00e9 non mi sembra che le terre rare necessarie per fabbricare i nostri costosi cellulari siano estratte in Italia o in Europa.<\/p>\n<p>&nbsp;<\/p>\n<p>E condanno, senza se e senza ma, il gesto del delinquente che fa il saluto fascista e \u201ccondanno\u201d chi come Salvini aspira a diventare Presidente del Consiglio facendo a sportellate con il suo \u201calleato\u201d Silvio Berlusconi e mistificando la realt\u00e0.<br \/>\n\u201cCondanno\u201d Salvini perch\u00e9 un personaggio politico, leader di un partito politico, non dovrebbe parlare alla pancia delle persone propagandando la flat tax come la soluzione all\u2019evasione fiscale (soluzione per altro incostituzionale). Un leader, se tale vuole essere, dovrebbe essere capace di parlare alla testa degli italiani.<\/p>\n<p>&nbsp;<\/p>\n<p>Oppure egli crede che noi meridionali non abbiamo una testa ed un cervello per comprendere che sta cercando di imbrogliarci e blandirci perch\u00e9 i voti dei terroni servono come quelli del Nord per realizzare il suo progetto?<br \/>\nSapendo di giocarsi una partita importantissima inventa false ed irrealizzabili promesse con i toni della paura.<br \/>\nPerch\u00e9, invece, non ci spiega meglio perch\u00e9 a pochi giorni dalla pubblicazione delle motivazioni della sentenza che condanna Umberto Bossi a tre anni e due mesi per aver usato fondi del partito a fini personali, candida lo stesso Bossi nel collegio di Varese?<\/p>\n<p>E non \u00e8 la prima volta che Salvini resta incapace di condannare, senza se e senza ma, gravissimi episodi di odio raziale come quando ha definito antitaliano Don Massimo Biancolani, reo di aver portato in piscina dei profughi che lavorano con una Onlus. Senza contare che sino a quando i nostri voti non gli erano necessari noi meridionali rappresentavamo il \u201cSud fannullone\u201d ed era bello intonare cori contro i napoletani.<br \/>\nRicordi invece e condanni fermamente quello che \u00e8 successo a Macerata, a Fermo a Rosarno invece di soffiare sull\u2019odio raziale.<\/p>\n<p>&nbsp;<\/p>\n<p>Provi Salvini a fare delle proposte realizzabili e concrete utili per il paese che magari diventa credibile e potrebbero iniziare ad ascoltarlo anche in Europa.<\/p>\n<p>&nbsp;<\/p>\n<p>Nel programma di Liberi e Uguali non c\u2019\u00e8 traccia di odio o paura nei confronti degli immigrati e della loro disperazione ma solo proposte tese alla definizione di accordi con quei Paesi dove non vengono garantiti i diritti umani; c\u2019\u00e8 l\u2019idea di favorire, con il sostegno di tutti e dell\u2019Europa tutta, lo sviluppo dei Paesi da cui i migranti fuggono.<br \/>\nCerto le migrazioni devono essere garantite da regole razionali ed umanitarie al tempo stesso abolendo al contempo Bossi-Fini. Devono essere articolati meccanismi d\u2019ingresso regolari gestiti da una regia europea alleggerendo la pressione sui paesi come l\u2019Italia dove avviene il primo sbarco nella speranza di una nuova vita.<\/p>\n<p>&nbsp;<\/p>\n<p>In Italia deve essere costruito un sistema capillare finalizzato all\u2019accoglienza integrata ed al sostegno degli immigrati con il coinvolgimento delle professionalit\u00e0 del terzo settore per favorirne il percorso di integrazione attraverso l\u2019acquisizione di una ritrovata autonomia.<\/p>\n<p>&nbsp;<\/p>\n<p>Si rassereni Salvini, la smetta di recitare la sua parte in commedia ed inizi finalmente a fare politica che l\u2019unico pericolo che corriamo \u00e8 quello di essere guidati da cialtroni urlanti della politica.<br \/>\nAbbiamo molte responsabilit\u00e0 al Sud (come in tutta Italia) per la crisi economica e morale che stiamo vivendo ma non credo meritiamo Salvini o personaggi come lui.<\/p>\n<p>&nbsp;<\/p>\n<p>&nbsp;<\/p>\n<p><strong>Cristiano D\u2019Errico<\/strong><br \/>\n<strong> Coordinamento Liberi E Uguali<\/strong><br \/>\n<strong> Brindisi<\/strong><\/p>\n","protected":false},"excerpt":{"rendered":"<p>Salvini, quello che da Bormio ha incoronato l\u2019avvocato Massimo Ciullo candidato sindaco di Brindisi per la Lega Nord (furbescamente, oggi, per rendere un po\u2019 pi\u00f9 credibile il suo progetto politico ha eliminato il \u201cNord\u201d dal simbolo) non \u00e8 riuscito a condannare, senza se e senza ma, la follia omicida di uno dei suoi candidati alle amministrative di giugno scorso. &nbsp; Ha detto \u201cchiunque spari \u00e8 un delinquente ma la responsabilit\u00e0 morale \u00e8 di quelli che hanno riempito di profughi il nostro Paese\u201d. &nbsp; Facendo finta di non sapere che a Macerata secondo l\u2019ISTAT gli immigrati negli ultimi cinque anni sono diminuiti. Quindi, secondo il ragionamento arguto di Salvini, io che sostengo che bisogna accogliere gli immigrati indipendentemente dal fatto che fuggano dalla morte della guerra o dalla morte per povert\u00e0 e fame sono moralmente complice del folle italiano che va sparando sugli immigrati come se fosse al tiro a segno di un luna-park? No!!! Non ci sto! &nbsp; Forse sarebbe meglio e pi\u00f9 virtuoso recuperare il principio di solidariet\u00e0 espresso&#8230;<\/p>\n","protected":false},"author":2,"featured_media":124953,"comment_status":"open","ping_status":"closed","sticky":false,"template":"","format":"standard","meta":{"footnotes":""},"categories":[7],"tags":[4709,5496],"class_list":["post-124952","post","type-post","status-publish","format-standard","has-post-thumbnail","hentry","category-news","tag-derrico","tag-leu"],"_links":{"self":[{"href":"https:\/\/www.brundisium.net\/index.php\/wp-json\/wp\/v2\/posts\/124952","targetHints":{"allow":["GET"]}}],"collection":[{"href":"https:\/\/www.brundisium.net\/index.php\/wp-json\/wp\/v2\/posts"}],"about":[{"href":"https:\/\/www.brundisium.net\/index.php\/wp-json\/wp\/v2\/types\/post"}],"author":[{"embeddable":true,"href":"https:\/\/www.brundisium.net\/index.php\/wp-json\/wp\/v2\/users\/2"}],"replies":[{"embeddable":true,"href":"https:\/\/www.brundisium.net\/index.php\/wp-json\/wp\/v2\/comments?post=124952"}],"version-history":[{"count":1,"href":"https:\/\/www.brundisium.net\/index.php\/wp-json\/wp\/v2\/posts\/124952\/revisions"}],"predecessor-version":[{"id":124955,"href":"https:\/\/www.brundisium.net\/index.php\/wp-json\/wp\/v2\/posts\/124952\/revisions\/124955"}],"wp:featuredmedia":[{"embeddable":true,"href":"https:\/\/www.brundisium.net\/index.php\/wp-json\/wp\/v2\/media\/124953"}],"wp:attachment":[{"href":"https:\/\/www.brundisium.net\/index.php\/wp-json\/wp\/v2\/media?parent=124952"}],"wp:term":[{"taxonomy":"category","embeddable":true,"href":"https:\/\/www.brundisium.net\/index.php\/wp-json\/wp\/v2\/categories?post=124952"},{"taxonomy":"post_tag","embeddable":true,"href":"https:\/\/www.brundisium.net\/index.php\/wp-json\/wp\/v2\/tags?post=124952"}],"curies":[{"name":"wp","href":"https:\/\/api.w.org\/{rel}","templated":true}]}}