{"id":125087,"date":"2018-02-11T13:20:37","date_gmt":"2018-02-11T12:20:37","guid":{"rendered":"http:\/\/www.brundisium.net\/?p=125087"},"modified":"2018-02-11T13:20:37","modified_gmt":"2018-02-11T12:20:37","slug":"primarie-nella-coalizione-dei-moderati-luperti-e-una-soluzione-se-non-si-raggiunge-una-sintesi","status":"publish","type":"post","link":"https:\/\/www.brundisium.net\/index.php\/primarie-nella-coalizione-dei-moderati-luperti-e-una-soluzione-se-non-si-raggiunge-una-sintesi\/","title":{"rendered":"Primarie nella coalizione dei moderati, Luperti: &#8220;\u00e8 una soluzione se non si raggiunge una sintesi&#8221;"},"content":{"rendered":"<p>Ho letto con molta attenzione le note delle forze politiche e dei movimenti che fanno parte del polo dei moderati in riferimento alla scelta del candidato sindaco.<\/p>\n<p>Sono convinto che dobbiamo lavorare con calma per operare la scelta pi\u00f9 opportuna e maggiormente rispondente alle aspettative dei brindisini.<\/p>\n<p>Torneremo a discuterne nei prossimi giorni e, con grande senso di responsabilit\u00e0, metteremo in campo la scelta migliore.<\/p>\n<p>In questo contesto, se non si giunger\u00e0 ad una sintesi pienamente condivisa, anche il ricorso alle primarie &#8211; con regole certe e democratiche &#8211; pu\u00f2 rappresentare una soluzione per allargare ulteriormente la coalizione e per candidarla alla guida della citt\u00e0.<\/p>\n<p>&nbsp;<\/p>\n<p>&nbsp;<\/p>\n<p><strong>Lino Luperti (Coerenti per Brindisi)<\/strong><\/p>\n","protected":false},"excerpt":{"rendered":"<p>Ho letto con molta attenzione le note delle forze politiche e dei movimenti che fanno parte del polo dei moderati in riferimento alla scelta del candidato sindaco. Sono convinto che dobbiamo lavorare con calma per operare la scelta pi\u00f9 opportuna e maggiormente rispondente alle aspettative dei brindisini. Torneremo a discuterne nei prossimi giorni e, con grande senso di responsabilit\u00e0, metteremo in campo la scelta migliore. In questo contesto, se non si giunger\u00e0 ad una sintesi pienamente condivisa, anche il ricorso alle primarie &#8211; con regole certe e democratiche &#8211; pu\u00f2 rappresentare una soluzione per allargare ulteriormente la coalizione e per candidarla alla guida della citt\u00e0. &nbsp; &nbsp; Lino Luperti (Coerenti per Brindisi)<\/p>\n","protected":false},"author":2,"featured_media":93257,"comment_status":"open","ping_status":"closed","sticky":false,"template":"","format":"standard","meta":{"footnotes":""},"categories":[7],"tags":[],"class_list":["post-125087","post","type-post","status-publish","format-standard","has-post-thumbnail","hentry","category-news"],"_links":{"self":[{"href":"https:\/\/www.brundisium.net\/index.php\/wp-json\/wp\/v2\/posts\/125087","targetHints":{"allow":["GET"]}}],"collection":[{"href":"https:\/\/www.brundisium.net\/index.php\/wp-json\/wp\/v2\/posts"}],"about":[{"href":"https:\/\/www.brundisium.net\/index.php\/wp-json\/wp\/v2\/types\/post"}],"author":[{"embeddable":true,"href":"https:\/\/www.brundisium.net\/index.php\/wp-json\/wp\/v2\/users\/2"}],"replies":[{"embeddable":true,"href":"https:\/\/www.brundisium.net\/index.php\/wp-json\/wp\/v2\/comments?post=125087"}],"version-history":[{"count":1,"href":"https:\/\/www.brundisium.net\/index.php\/wp-json\/wp\/v2\/posts\/125087\/revisions"}],"predecessor-version":[{"id":125088,"href":"https:\/\/www.brundisium.net\/index.php\/wp-json\/wp\/v2\/posts\/125087\/revisions\/125088"}],"wp:featuredmedia":[{"embeddable":true,"href":"https:\/\/www.brundisium.net\/index.php\/wp-json\/wp\/v2\/media\/93257"}],"wp:attachment":[{"href":"https:\/\/www.brundisium.net\/index.php\/wp-json\/wp\/v2\/media?parent=125087"}],"wp:term":[{"taxonomy":"category","embeddable":true,"href":"https:\/\/www.brundisium.net\/index.php\/wp-json\/wp\/v2\/categories?post=125087"},{"taxonomy":"post_tag","embeddable":true,"href":"https:\/\/www.brundisium.net\/index.php\/wp-json\/wp\/v2\/tags?post=125087"}],"curies":[{"name":"wp","href":"https:\/\/api.w.org\/{rel}","templated":true}]}}