{"id":125124,"date":"2018-02-11T18:10:25","date_gmt":"2018-02-11T17:10:25","guid":{"rendered":"http:\/\/www.brundisium.net\/?p=125124"},"modified":"2018-02-11T21:15:47","modified_gmt":"2018-02-11T20:15:47","slug":"zizza-nci-sviluppo-ambiente-e-sanita-saranno-i-temi-principali-della-mia-campagna-elettorale","status":"publish","type":"post","link":"https:\/\/www.brundisium.net\/index.php\/zizza-nci-sviluppo-ambiente-e-sanita-saranno-i-temi-principali-della-mia-campagna-elettorale\/","title":{"rendered":"Zizza (NcI): &#8220;Sviluppo, ambiente e sanit\u00e0 saranno i temi principali della mia campagna elettorale&#8221;"},"content":{"rendered":"<p>\u201cLa mia campagna elettorale \u00e8 partita ufficialmente ieri pomeriggio con la presenza del capo politico di Noi con l\u2019Italia, Raffaele Fitto, con il quale da sempre condivido programmi, idee ma soprattutto valori e principi. E\u2019 stato un momento importante ed emozionante al tempo stesso.<\/p>\n<p>La presenza dei miei sostenitori e simpatizzanti, che ringrazio con tutto il cuore, mi ha riempito d\u2019orgoglio e mi ha dato un ulteriore carica per affrontare le prossime settimane, la condivisione dei temi e dei propositi, rafforzano ancora di pi\u00f9 la mia convinzione che questo territorio ha bisogno di un rappresentante politico che lo difenda, che sia pronto a scontrarsi a muso duro pur di far valere i diritti di tutti.<\/p>\n<p>Le prossime settimane saranno di intenso lavoro, sar\u00f2 in tour elettorale nei Comuni della provincia di Brindisi.<\/p>\n<p>Sono candidato alla Camera dei Deputati collegio uninominale Puglia 13, quindi a Brindisi, Fasano, Ceglie Messapica, Cisternino, Carovigno, Ostuni, San Vito dei Normanni.<\/p>\n<p>Insieme affronteremo il tema dello sviluppo e dell\u2019ambiente. Penso al mio territorio come la sintesi della bellezza di un paesaggio naturale, Torre Guaceto, Parco delle Dune Costiere, Torre Canne, Torre S. Leonardo e l\u2019efficienza delle nostre industrie.<\/p>\n<p>Un modello di sviluppo integrato sostenibile, che deve poggiare su un\u2019economia circolare che parta dalla riduzione della produzione di rifiuti e si fondi sulla raccolta differenziata e su impianti di riciclo e riuso delle materie prime, in tutti i settori industriali.<\/p>\n<p>Penso al futuro dei nostri giovani come l\u2019elemento imprescindibile per la crescita del paese ma penso che non si possa fare a meno di recuperare chi \u00e8 rimasto indietro, chi dalle industrie \u00e8 stato sfruttato e abbandonato, professionalit\u00e0 che oggi possono fare la differenza nel circuito dell\u2019economia.<\/p>\n<p>Penso alla sanit\u00e0 e a quel diritto alla salute per troppo tempo negato. Dobbiamo invertire la tendenza che porta la nostra provincia ad attestarsi all\u2019ultimo posto della Puglia per numero di posti letto disponibili, con un rapporto percentuale del 2,7 per mille abitanti contro una media regionale del 3,4 e nazionale del 3,7.<\/p>\n<p>Questi sono solo alcuni dei temi sui quali mi impegner\u00f2 a partire dal 5 marzo con il sostegno di chi mi avr\u00e0 rinnovato fiducia e chi per la prima volta me la avr\u00e0 data&#8221;.<\/p>\n<p>&nbsp;<\/p>\n<p>&nbsp;<\/p>\n<p><strong>Vittorio Zizza<\/strong><br \/>\n<strong> Noi con l\u2019Italia<\/strong><\/p>\n","protected":false},"excerpt":{"rendered":"<p>\u201cLa mia campagna elettorale \u00e8 partita ufficialmente ieri pomeriggio con la presenza del capo politico di Noi con l\u2019Italia, Raffaele Fitto, con il quale da sempre condivido programmi, idee ma soprattutto valori e principi. E\u2019 stato un momento importante ed emozionante al tempo stesso. La presenza dei miei sostenitori e simpatizzanti, che ringrazio con tutto il cuore, mi ha riempito d\u2019orgoglio e mi ha dato un ulteriore carica per affrontare le prossime settimane, la condivisione dei temi e dei propositi, rafforzano ancora di pi\u00f9 la mia convinzione che questo territorio ha bisogno di un rappresentante politico che lo difenda, che sia pronto a scontrarsi a muso duro pur di far valere i diritti di tutti. Le prossime settimane saranno di intenso lavoro, sar\u00f2 in tour elettorale nei Comuni della provincia di Brindisi. Sono candidato alla Camera dei Deputati collegio uninominale Puglia 13, quindi a Brindisi, Fasano, Ceglie Messapica, Cisternino, Carovigno, Ostuni, San Vito dei Normanni. Insieme affronteremo il tema dello sviluppo e dell\u2019ambiente. Penso al mio territorio come la sintesi&#8230;<\/p>\n","protected":false},"author":2,"featured_media":125125,"comment_status":"open","ping_status":"closed","sticky":false,"template":"","format":"standard","meta":{"footnotes":""},"categories":[7],"tags":[],"class_list":["post-125124","post","type-post","status-publish","format-standard","has-post-thumbnail","hentry","category-news"],"_links":{"self":[{"href":"https:\/\/www.brundisium.net\/index.php\/wp-json\/wp\/v2\/posts\/125124","targetHints":{"allow":["GET"]}}],"collection":[{"href":"https:\/\/www.brundisium.net\/index.php\/wp-json\/wp\/v2\/posts"}],"about":[{"href":"https:\/\/www.brundisium.net\/index.php\/wp-json\/wp\/v2\/types\/post"}],"author":[{"embeddable":true,"href":"https:\/\/www.brundisium.net\/index.php\/wp-json\/wp\/v2\/users\/2"}],"replies":[{"embeddable":true,"href":"https:\/\/www.brundisium.net\/index.php\/wp-json\/wp\/v2\/comments?post=125124"}],"version-history":[{"count":1,"href":"https:\/\/www.brundisium.net\/index.php\/wp-json\/wp\/v2\/posts\/125124\/revisions"}],"predecessor-version":[{"id":125126,"href":"https:\/\/www.brundisium.net\/index.php\/wp-json\/wp\/v2\/posts\/125124\/revisions\/125126"}],"wp:featuredmedia":[{"embeddable":true,"href":"https:\/\/www.brundisium.net\/index.php\/wp-json\/wp\/v2\/media\/125125"}],"wp:attachment":[{"href":"https:\/\/www.brundisium.net\/index.php\/wp-json\/wp\/v2\/media?parent=125124"}],"wp:term":[{"taxonomy":"category","embeddable":true,"href":"https:\/\/www.brundisium.net\/index.php\/wp-json\/wp\/v2\/categories?post=125124"},{"taxonomy":"post_tag","embeddable":true,"href":"https:\/\/www.brundisium.net\/index.php\/wp-json\/wp\/v2\/tags?post=125124"}],"curies":[{"name":"wp","href":"https:\/\/api.w.org\/{rel}","templated":true}]}}