{"id":125172,"date":"2018-02-12T14:06:27","date_gmt":"2018-02-12T13:06:27","guid":{"rendered":"http:\/\/www.brundisium.net\/?p=125172"},"modified":"2018-02-12T20:00:02","modified_gmt":"2018-02-12T19:00:02","slug":"gli-appuntamenti-odierni-di-mauro-dattis-fi","status":"publish","type":"post","link":"https:\/\/www.brundisium.net\/index.php\/gli-appuntamenti-odierni-di-mauro-dattis-fi\/","title":{"rendered":"Gli appuntamenti odierni di Mauro D&#8217;Attis (FI)"},"content":{"rendered":"<p>Mauro D\u2019Attis, capolista per Forza Italia nel collegio plurinominale Puglia 3 per la Camera dei Deputati, oggi, luned\u00ec 12 febbraio, prender\u00e0 parte ai seguenti appuntamenti elettorali:<\/p>\n<p>&#8211;       A partire dalle ore 16 sar\u00e0 a Taranto per partecipare ai lavori del coordinamento cittadino e del coordinamento provinciale di Forza Italia<\/p>\n<p>&#8211;       Alle ore 19.30 sar\u00e0 a Locorotondo (presso l\u2019Auditorium comunale)  per partecipare alla manifestazione di apertura della campagna elettorale, insieme al candidato per il Senato nel collegio uninominale Puglia 4 Tommaso Scatigna, al capolista di Forza Italia nel collegio plurinominale Puglia 2 per il Senato Luigi Vitali,  al consigliere regionale di Forza Italia Domenico Damascelli ed al coordinatore cittadino di Forza Italia Antonio La Ghezza. <\/p>\n","protected":false},"excerpt":{"rendered":"<p>Mauro D\u2019Attis, capolista per Forza Italia nel collegio plurinominale Puglia 3 per la Camera dei Deputati, oggi, luned\u00ec 12 febbraio, prender\u00e0 parte ai seguenti appuntamenti elettorali: &#8211; A partire dalle ore 16 sar\u00e0 a Taranto per partecipare ai lavori del coordinamento cittadino e del coordinamento provinciale di Forza Italia &#8211; Alle ore 19.30 sar\u00e0 a Locorotondo (presso l\u2019Auditorium comunale) per partecipare alla manifestazione di apertura della campagna elettorale, insieme al candidato per il Senato nel collegio uninominale Puglia 4 Tommaso Scatigna, al capolista di Forza Italia nel collegio plurinominale Puglia 2 per il Senato Luigi Vitali, al consigliere regionale di Forza Italia Domenico Damascelli ed al coordinatore cittadino di Forza Italia Antonio La Ghezza.<\/p>\n","protected":false},"author":2,"featured_media":63161,"comment_status":"open","ping_status":"closed","sticky":false,"template":"","format":"standard","meta":{"footnotes":""},"categories":[7],"tags":[4203],"class_list":["post-125172","post","type-post","status-publish","format-standard","has-post-thumbnail","hentry","category-news","tag-mauro-dattis"],"_links":{"self":[{"href":"https:\/\/www.brundisium.net\/index.php\/wp-json\/wp\/v2\/posts\/125172","targetHints":{"allow":["GET"]}}],"collection":[{"href":"https:\/\/www.brundisium.net\/index.php\/wp-json\/wp\/v2\/posts"}],"about":[{"href":"https:\/\/www.brundisium.net\/index.php\/wp-json\/wp\/v2\/types\/post"}],"author":[{"embeddable":true,"href":"https:\/\/www.brundisium.net\/index.php\/wp-json\/wp\/v2\/users\/2"}],"replies":[{"embeddable":true,"href":"https:\/\/www.brundisium.net\/index.php\/wp-json\/wp\/v2\/comments?post=125172"}],"version-history":[{"count":1,"href":"https:\/\/www.brundisium.net\/index.php\/wp-json\/wp\/v2\/posts\/125172\/revisions"}],"predecessor-version":[{"id":125173,"href":"https:\/\/www.brundisium.net\/index.php\/wp-json\/wp\/v2\/posts\/125172\/revisions\/125173"}],"wp:featuredmedia":[{"embeddable":true,"href":"https:\/\/www.brundisium.net\/index.php\/wp-json\/wp\/v2\/media\/63161"}],"wp:attachment":[{"href":"https:\/\/www.brundisium.net\/index.php\/wp-json\/wp\/v2\/media?parent=125172"}],"wp:term":[{"taxonomy":"category","embeddable":true,"href":"https:\/\/www.brundisium.net\/index.php\/wp-json\/wp\/v2\/categories?post=125172"},{"taxonomy":"post_tag","embeddable":true,"href":"https:\/\/www.brundisium.net\/index.php\/wp-json\/wp\/v2\/tags?post=125172"}],"curies":[{"name":"wp","href":"https:\/\/api.w.org\/{rel}","templated":true}]}}