{"id":125200,"date":"2018-02-12T19:16:10","date_gmt":"2018-02-12T18:16:10","guid":{"rendered":"http:\/\/www.brundisium.net\/?p=125200"},"modified":"2018-02-12T19:58:42","modified_gmt":"2018-02-12T18:58:42","slug":"sabato-17-la-seconda-parte-della-conferenza-di-franco-dammacco-su-gustav-klimt-al-castello-di-mesagne","status":"publish","type":"post","link":"https:\/\/www.brundisium.net\/index.php\/sabato-17-la-seconda-parte-della-conferenza-di-franco-dammacco-su-gustav-klimt-al-castello-di-mesagne\/","title":{"rendered":"Sabato 17 la seconda parte della conferenza di  Franco Dammacco su  Gustav Klimt al Castello di Mesagne"},"content":{"rendered":"<p>Seconda parte della conferenza del dott. Franco Dammacco nel centenario della morte di Gustav Klimt sabato 17 febbraio 2018 alle ore 18.00 nell\u2019auditorium del Castello Normanno-Svevo di Mesagne dal titolo \u201cDalla Donna fatale al reale della Donna: Klimt tra Eros e Amore\u201d.<\/p>\n<p>&nbsp;<\/p>\n<p>Il dott. Franco Dammacco, studioso di neuroscienze, estetica e critica d\u2019arte, completer\u00e0 la trattazione del mondo della donna e in particolare della sessualit\u00e0 femminile, soggetto principale della pittura di Klimt. Le opere di Klimt vengono commentate seguendo la concezione psicanalitica di Jacques Lacan. L\u2019arte di Klimt si rivela capace , come nessun\u2019altra, di svelare e far comprendere specificit\u00e0 e differenze tra l\u2019Eros femminile e maschile. La conferenza \u00e8 inserita nell\u2019area tematica \u201cInverno d\u2019Autore\u201d della pi\u00f9 ampia programmazione \u201cStagioni d\u2019Autore, Stagioni nel Cuore\u201d organizzato dall\u2019associazione culturale \u201cEterogenea\u201d nell\u2019ambito del progetto d\u2019Arte \u201cLe Ali di Mirna\u201d.<\/p>\n<p>&nbsp;<\/p>\n<p>Gustav Klimt, scomparso il 6 febbraio 1918 insieme alla sua ossessione per la perfezione e per le donne, \u00e8 l\u2019artista pi\u00f9 rappresentativo dell\u2019arte della Secessione viennese nella Vienna di fine ottocento della quale \u00e8 stato uno dei padri fondatori ed \u00e8 sicuramente quello che ha lasciato il segno pi\u00f9 profondo nell\u2019immaginario collettivo con i suoi ritratti femminili preziosi e sensuali; alcune delle sue opere pi\u00f9 famose come Il bacio sono diventate quasi un\u2019icona pop, riprodotta all\u2019infinito su innumerevoli supporti.<\/p>\n<p>&nbsp;<\/p>\n<p>La conferenza ha il Patrocinio della Citt\u00e0 di Mesagne-Assessorato alla Cultura e dell\u2019Assessore all\u2019Industria Turistica e Culturale della Regione Puglia.<\/p>\n<p>&nbsp;<\/p>\n<p>Per info: 08311625458 &#8211; 3470080778 \u2013 e-mail ass.eterogenea@libero.it \u2013 Assessorato alla Cultura Citt\u00e0 di Mesagne tel. 0831 776065.<\/p>\n","protected":false},"excerpt":{"rendered":"<p>Seconda parte della conferenza del dott. Franco Dammacco nel centenario della morte di Gustav Klimt sabato 17 febbraio 2018 alle ore 18.00 nell\u2019auditorium del Castello Normanno-Svevo di Mesagne dal titolo \u201cDalla Donna fatale al reale della Donna: Klimt tra Eros e Amore\u201d. &nbsp; Il dott. Franco Dammacco, studioso di neuroscienze, estetica e critica d\u2019arte, completer\u00e0 la trattazione del mondo della donna e in particolare della sessualit\u00e0 femminile, soggetto principale della pittura di Klimt. Le opere di Klimt vengono commentate seguendo la concezione psicanalitica di Jacques Lacan. L\u2019arte di Klimt si rivela capace , come nessun\u2019altra, di svelare e far comprendere specificit\u00e0 e differenze tra l\u2019Eros femminile e maschile. La conferenza \u00e8 inserita nell\u2019area tematica \u201cInverno d\u2019Autore\u201d della pi\u00f9 ampia programmazione \u201cStagioni d\u2019Autore, Stagioni nel Cuore\u201d organizzato dall\u2019associazione culturale \u201cEterogenea\u201d nell\u2019ambito del progetto d\u2019Arte \u201cLe Ali di Mirna\u201d. &nbsp; Gustav Klimt, scomparso il 6 febbraio 1918 insieme alla sua ossessione per la perfezione e per le donne, \u00e8 l\u2019artista pi\u00f9 rappresentativo dell\u2019arte della Secessione viennese nella Vienna di fine ottocento della&#8230;<\/p>\n","protected":false},"author":2,"featured_media":125202,"comment_status":"open","ping_status":"closed","sticky":false,"template":"","format":"standard","meta":{"footnotes":""},"categories":[7],"tags":[210],"class_list":["post-125200","post","type-post","status-publish","format-standard","has-post-thumbnail","hentry","category-news","tag-mesagne"],"_links":{"self":[{"href":"https:\/\/www.brundisium.net\/index.php\/wp-json\/wp\/v2\/posts\/125200","targetHints":{"allow":["GET"]}}],"collection":[{"href":"https:\/\/www.brundisium.net\/index.php\/wp-json\/wp\/v2\/posts"}],"about":[{"href":"https:\/\/www.brundisium.net\/index.php\/wp-json\/wp\/v2\/types\/post"}],"author":[{"embeddable":true,"href":"https:\/\/www.brundisium.net\/index.php\/wp-json\/wp\/v2\/users\/2"}],"replies":[{"embeddable":true,"href":"https:\/\/www.brundisium.net\/index.php\/wp-json\/wp\/v2\/comments?post=125200"}],"version-history":[{"count":1,"href":"https:\/\/www.brundisium.net\/index.php\/wp-json\/wp\/v2\/posts\/125200\/revisions"}],"predecessor-version":[{"id":125203,"href":"https:\/\/www.brundisium.net\/index.php\/wp-json\/wp\/v2\/posts\/125200\/revisions\/125203"}],"wp:featuredmedia":[{"embeddable":true,"href":"https:\/\/www.brundisium.net\/index.php\/wp-json\/wp\/v2\/media\/125202"}],"wp:attachment":[{"href":"https:\/\/www.brundisium.net\/index.php\/wp-json\/wp\/v2\/media?parent=125200"}],"wp:term":[{"taxonomy":"category","embeddable":true,"href":"https:\/\/www.brundisium.net\/index.php\/wp-json\/wp\/v2\/categories?post=125200"},{"taxonomy":"post_tag","embeddable":true,"href":"https:\/\/www.brundisium.net\/index.php\/wp-json\/wp\/v2\/tags?post=125200"}],"curies":[{"name":"wp","href":"https:\/\/api.w.org\/{rel}","templated":true}]}}