{"id":125205,"date":"2018-02-12T19:10:59","date_gmt":"2018-02-12T18:10:59","guid":{"rendered":"http:\/\/www.brundisium.net\/?p=125205"},"modified":"2018-02-12T19:58:52","modified_gmt":"2018-02-12T18:58:52","slug":"io-amo-a-fasano-tutte-le-iniziative-per-san-valentino","status":"publish","type":"post","link":"https:\/\/www.brundisium.net\/index.php\/io-amo-a-fasano-tutte-le-iniziative-per-san-valentino\/","title":{"rendered":"Io amo a Fasano: tutte le iniziative per San Valentino"},"content":{"rendered":"<p>Io amo a Fasano \u00e8 il calendario di iniziative per san Valentino messo a punto dal Comune di Fasano in collaborazione con associazioni, aziende del territorio e gli istituti scolastici \u201cSalvemini\u201d, \u201cFerraris\u201d e 1\u00b0 e 2\u00b0 Circolo didattico, presentato questo pomeriggio in conferenza stampa nella Sala di rappresentanza del Palazzo municipale.<\/p>\n<p>&nbsp;<\/p>\n<p>Innanzitutto, piazza Ciaia sar\u00e0 addobbata con i simboli classici del 14 febbraio, rappresentati da grandi cuori rossi realizzati in polistirolo e dalla scritta dello stesso logo del manifesto (a caratteri cubitali e sempre in polistirolo colorato di rosso) \u201cIo\u00a0AMO a Fasano\u201d.<\/p>\n<p>&nbsp;<\/p>\n<p>Le manifestazioni si apriranno sin dal mattino alle ore 10 in piazza Ciaia con un originale allestimento scenografico e con giochi a tema dei bambini e delle bambine delle scuole primarie e dell\u2019infanzia; alle ore 17 verr\u00e0 ufficialmente inaugurata via Carlo Alberto (di recente oggetto di restyling e pedonalizzata) nella quale si terranno simbolicamente, dinanzi al sindaco Francesco Zaccaria, scambi delle promesse di matrimonio per le unioni previste in questo anno 2018. La particolare iniziativa vedr\u00e0 un supporto musicale curato dall\u2019associazione \u201cLe Nove Muse\u201d col duo Giuseppe Sabatelli (sax) e Demi Ditano (chitarra). E sempre a partire dalle ore 17 in piazza Ciaia si terr\u00e0 un set fotografico a cura di Valentina Franceschini nel quale le coppie che lo desidereranno potranno farsi immortalare in uno scatto \u201ccreativo\u201d a tema sentimentale; sempre nella stessa piazza l\u2019istituto Alberghiero \u201cSalvemini\u201d dalle ore 18.30 allestir\u00e0 stand di cioccolateria da gustare, dal titolo \u201cCioccolaTiAmo\u201d. Infine, a partire dalle ore 19, nel Palazzo municipale si terr\u00e0 il \u201cGran gal\u00e0 di san Valentino\u201d, musica e balli in accurati e sfarzosi costumi d\u2019epoca settecentesca a cura dell\u2019associazione \u201cFasanofotografica\u201d, con la performance del mezzosoprano Serena Scarinzi e della violinista Raffaella Rinaldi. Intanto, piazza Ciaia e corso Garibaldi saranno illuminati anche con le luminarie che, appositamente, sono state lasciate installate anche dopo la fine delle festivit\u00e0 natalizie.<\/p>\n<p>&nbsp;<\/p>\n<p>\u00c8 toccato a Luana Amati, assessora comunale alle Attivit\u00e0 produttive, esordire in conferenza stampa sottolineando che \u00abvogliamo declinare l\u2019amore in tutte le sue sfaccettature, partendo da quello tradizionale del 14 febbraio dedicato alle coppie per finire a quello per il proprio territorio e, in questo nostro caso, all\u2019amore per il centro storico che va difeso nella sua bellezza. Quindi, la manifestazione \u201cIo\u00a0 a Fasano\u201d ha anche il significato di essere un segnale di vicinanza alla nostra citt\u00e0 ed alle pratiche virtuose di senso civico e di rispetto per l\u2019ambiente. Questa iniziativa \u2013 ha aggiunto Luana Amati \u2013 vogliamo che diventi una tradizione locale che mi auguro possa essere sempre pi\u00f9 recepita da commercianti ed operatori economici in generale, affinch\u00e9 possa essere uno strumento di destagionalizzazione turistica per il nostro territorio. Bisogna \u201cimparare ad amarsi\u201d recita la canzone cantata da Ornella Vanoni al recente Festival di Sanremo ed a questo stare insieme dobbiamo lavorare per il bene del nostro territorio. Gi\u00e0 dal 15 febbraio \u2013 ha sottolineato Amati &#8211; dovremmo tutti insieme pensare a programmare il prossimo san Valentino 2019: le proposte ed i suggerimenti saranno ben accolti da questa Amministrazione. Intanto, colgo l\u2019occasione per ringraziare \u201cFerrAmati\u201d, \u201cArtigianfaso\u201d e \u201cCentomani\u201d per la splendida collaborazione offertaci\u00bb. L\u2019assessora alla Pubblica istruzione e alle Pari opportunit\u00e0 Cinzia Caroli ha, invece, voluto \u00abringraziare le scuole che hanno aderito all\u2019organizzazione dell\u2019iniziativa con entusiasmo ed impegno: vedremo circa 700 bambini e bambine dell\u2019ultimo anno delle scuole per l\u2019infanzia e delle quinte classi delle primarie del 1\u00b0 e 2\u00b0 Circolo didattico sfilare per le vie di Fasano e raggiungere piazza Ciaia per raccontare con scene suggestive, a modo loro, cos\u2019\u00e8 l\u2019amore in senso lato, come lo interpretano. Intanto, la grafica ed il logo della manifestazione sono stati realizzati dalla giovanissima studentessa del \u201cSalvemini\u201d Federica Di Santo che ringraziamo per l\u2019impegno profuso\u00bb. Per Antonella Schena, presidente della commissione consiliare Attivit\u00e0 produttive, \u00ab\u201dIo\u00a0 a Fasano\u201d vuole essere un momento d\u2019accoglienza e di aggregazione per animare la citt\u00e0 in un periodo che quest\u2019anno s\u2019interseca con le iniziative carnevalesche. L\u2019amore vogliamo declinarlo in tutte le sue sfaccettature e non soltanto come celebrazione della relazione di coppia\u00bb. Il docente dell\u2019Alberghiero Giovanni Legrottaglie ha anticipato che lo stand \u201cCioccolaTiAmo\u201d ospiter\u00e0 il cioccolato in tutte le sue diverse preparazioni, dalla cioccolata calda da gustare \u00abper riscaldarsi un po\u2019 in queste sere gelate ai cioccolatini a forma di cuore: i nostri ragazzi, accompagnati dai docenti, stanno preparando prelibatezze di ogni tipo avendo come unico ingrediente-base il cioccolato\u00bb. Amalia Di Leo, presidente dell\u2019associazione \u201cLe Nove Muse\u201d, ha voluto sottolineare \u00abla validit\u00e0 dell\u2019iniziativa che, potremmo pensarci per l\u2019anno prossimo, potrebbe allungarsi per un\u2019intera settimana, come una sorta di \u201csettimana dell\u2019amore\u201d, cos\u00ec da diventare un\u2019attrattiva turistica vera e propria\u00bb. La giovane fotografa Valentina Franceschini, che curer\u00e0 il set fotografico, ha voluto rimarcare \u00abche il nostro angolo accoglier\u00e0 l\u2019amore di chiunque vorr\u00e0 esprimerlo, al di l\u00e0 di ogni condizione, perch\u00e9 l\u2019amore che voglio raccontare \u00e8 quello semplice, universale, libero\u00bb. Infine, \u00e8 intervenuto Mauro Martellotta, presidente dell\u2019associazione \u201cFasanofotografica\u201d, che ha illustrato l\u2019iniziativa del grande ballo in costumi d\u2019epoca settecentesca che animer\u00e0 il Palazzo municipale, preceduta \u00abda un corteo, intorno alle ore 18, con carrozza al seguito, di questi figuranti che sfileranno per il centro di Fasano prima di salire lo scalone del Municipio ed abbandonarsi alle danze\u00bb.<\/p>\n<p>&nbsp;<\/p>\n<p>Quest\u2019anno l\u2019iniziativa diventa social con una pagina Fb ed un hashtag entrambi dedicati a Io\u00a0Amo\u00a0 a Fasano.<\/p>\n<p>&nbsp;<\/p>\n<p>&nbsp;<\/p>\n<p>Comune di Fasano<br \/>\nUfficio Stampa<\/p>\n","protected":false},"excerpt":{"rendered":"<p>Io amo a Fasano \u00e8 il calendario di iniziative per san Valentino messo a punto dal Comune di Fasano in collaborazione con associazioni, aziende del territorio e gli istituti scolastici \u201cSalvemini\u201d, \u201cFerraris\u201d e 1\u00b0 e 2\u00b0 Circolo didattico, presentato questo pomeriggio in conferenza stampa nella Sala di rappresentanza del Palazzo municipale. &nbsp; Innanzitutto, piazza Ciaia sar\u00e0 addobbata con i simboli classici del 14 febbraio, rappresentati da grandi cuori rossi realizzati in polistirolo e dalla scritta dello stesso logo del manifesto (a caratteri cubitali e sempre in polistirolo colorato di rosso) \u201cIo\u00a0AMO a Fasano\u201d. &nbsp; Le manifestazioni si apriranno sin dal mattino alle ore 10 in piazza Ciaia con un originale allestimento scenografico e con giochi a tema dei bambini e delle bambine delle scuole primarie e dell\u2019infanzia; alle ore 17 verr\u00e0 ufficialmente inaugurata via Carlo Alberto (di recente oggetto di restyling e pedonalizzata) nella quale si terranno simbolicamente, dinanzi al sindaco Francesco Zaccaria, scambi delle promesse di matrimonio per le unioni previste in questo anno 2018. La particolare iniziativa vedr\u00e0&#8230;<\/p>\n","protected":false},"author":2,"featured_media":125208,"comment_status":"open","ping_status":"closed","sticky":false,"template":"","format":"standard","meta":{"footnotes":""},"categories":[7],"tags":[244],"class_list":["post-125205","post","type-post","status-publish","format-standard","has-post-thumbnail","hentry","category-news","tag-fasano"],"_links":{"self":[{"href":"https:\/\/www.brundisium.net\/index.php\/wp-json\/wp\/v2\/posts\/125205","targetHints":{"allow":["GET"]}}],"collection":[{"href":"https:\/\/www.brundisium.net\/index.php\/wp-json\/wp\/v2\/posts"}],"about":[{"href":"https:\/\/www.brundisium.net\/index.php\/wp-json\/wp\/v2\/types\/post"}],"author":[{"embeddable":true,"href":"https:\/\/www.brundisium.net\/index.php\/wp-json\/wp\/v2\/users\/2"}],"replies":[{"embeddable":true,"href":"https:\/\/www.brundisium.net\/index.php\/wp-json\/wp\/v2\/comments?post=125205"}],"version-history":[{"count":1,"href":"https:\/\/www.brundisium.net\/index.php\/wp-json\/wp\/v2\/posts\/125205\/revisions"}],"predecessor-version":[{"id":125209,"href":"https:\/\/www.brundisium.net\/index.php\/wp-json\/wp\/v2\/posts\/125205\/revisions\/125209"}],"wp:featuredmedia":[{"embeddable":true,"href":"https:\/\/www.brundisium.net\/index.php\/wp-json\/wp\/v2\/media\/125208"}],"wp:attachment":[{"href":"https:\/\/www.brundisium.net\/index.php\/wp-json\/wp\/v2\/media?parent=125205"}],"wp:term":[{"taxonomy":"category","embeddable":true,"href":"https:\/\/www.brundisium.net\/index.php\/wp-json\/wp\/v2\/categories?post=125205"},{"taxonomy":"post_tag","embeddable":true,"href":"https:\/\/www.brundisium.net\/index.php\/wp-json\/wp\/v2\/tags?post=125205"}],"curies":[{"name":"wp","href":"https:\/\/api.w.org\/{rel}","templated":true}]}}