{"id":125257,"date":"2018-02-13T13:00:44","date_gmt":"2018-02-13T12:00:44","guid":{"rendered":"http:\/\/www.brundisium.net\/?p=125257"},"modified":"2018-02-15T10:07:17","modified_gmt":"2018-02-15T09:07:17","slug":"giornata-mondiale-del-malato-domani-a-brindisi-riflessione-sul-tema-salute-malattia","status":"publish","type":"post","link":"https:\/\/www.brundisium.net\/index.php\/giornata-mondiale-del-malato-domani-a-brindisi-riflessione-sul-tema-salute-malattia\/","title":{"rendered":"Giornata Mondiale del Malato: domani a Brindisi riflessione sul tema &#8220;Salute\/malattia&#8221;"},"content":{"rendered":"<p>Il confine tra salute e malattia non \u00e8 cos\u00ec netto come si potrebbe pensare e definire l\u2019una senza l\u2019altra \u00e8 una impresa molto difficile. In realt\u00e0, quello che davvero ci interessa \u00e8 comprendere la condizione ed i bisogni della persona che definiamo ammalata. E\u2019 importante comprendere lo sfondo culturale e sociale che definisce cosa \u00e8 salute e cosa \u00e8 malattia, per capire meglio il ruolo degli operatori sanitari e i rischi di accettare deleghe di controllo sociale e non di cura, per imparare a non aggiungere dolore a dolore attraverso l\u2019apposizione di uno stigma che conduce all\u2019isolamento e alla emarginazione nella comunit\u00e0.<\/p>\n<p>&nbsp;<\/p>\n<p>Per questo il Centro di salute mentale di Brindisi, in collaborazione con il Polo brindisino dell\u2019Universit\u00e0 di Bari, con l\u2019associazione di utenti e familiari \u201cGulliver 180\u201d e con le strutture di riabilitazione psichiatrica del territorio, organizza una iniziativa di riflessione e di condivisione sul tema \u201cSalute\/malattia\u201d aperta agli studenti, agli utenti, agli operatori e ai cittadini. L\u2019incontro, promosso in occasione della Giornata mondiale del malato, avr\u00e0 luogo mercoled\u00ec 14 febbraio, a partire dalle 9.30 fino alle 13.00, nella sala conferenze del Polo universitario di Brindisi presso l\u2019ex ospedale Di Summa.<\/p>\n<p>&nbsp;<\/p>\n<p>La mattinata si aprir\u00e0 con un intervento del direttore del CSM di Brindisi, Francesco Colizzi e verr\u00e0 poi moderata dal dottor Quirico Semeraro, che dar\u00e0 spazio ai contributi della Gulliver 180 e delle strutture riabilitative. Alle 11.30 verr\u00e0 offerto uno spettacolo teatrale, \u201cL\u2019arte di arrangiarsi\u201d, realizzato dal Centro Diurno Samarcanda della ASL di Taranto. Altri interventi liberi, di reading poetici e riflessioni a sostegno della campagna di sensibilizzazione \u201cConosci i cinque segni del disagio\u201d, chiuderanno la manifestazione.<\/p>\n<p>&nbsp;<\/p>\n<p><em><strong>Dottor Francesco Colizzi<\/strong><\/em><br \/>\n<em><strong>direttore del Centro di salute mentale di Brindisi<\/strong><\/em><\/p>\n","protected":false},"excerpt":{"rendered":"<p>Il confine tra salute e malattia non \u00e8 cos\u00ec netto come si potrebbe pensare e definire l\u2019una senza l\u2019altra \u00e8 una impresa molto difficile. In realt\u00e0, quello che davvero ci interessa \u00e8 comprendere la condizione ed i bisogni della persona che definiamo ammalata. E\u2019 importante comprendere lo sfondo culturale e sociale che definisce cosa \u00e8 salute e cosa \u00e8 malattia, per capire meglio il ruolo degli operatori sanitari e i rischi di accettare deleghe di controllo sociale e non di cura, per imparare a non aggiungere dolore a dolore attraverso l\u2019apposizione di uno stigma che conduce all\u2019isolamento e alla emarginazione nella comunit\u00e0. &nbsp; Per questo il Centro di salute mentale di Brindisi, in collaborazione con il Polo brindisino dell\u2019Universit\u00e0 di Bari, con l\u2019associazione di utenti e familiari \u201cGulliver 180\u201d e con le strutture di riabilitazione psichiatrica del territorio, organizza una iniziativa di riflessione e di condivisione sul tema \u201cSalute\/malattia\u201d aperta agli studenti, agli utenti, agli operatori e ai cittadini. L\u2019incontro, promosso in occasione della Giornata mondiale del malato, avr\u00e0 luogo&#8230;<\/p>\n","protected":false},"author":2,"featured_media":125259,"comment_status":"open","ping_status":"closed","sticky":false,"template":"","format":"standard","meta":{"footnotes":""},"categories":[7],"tags":[783],"class_list":["post-125257","post","type-post","status-publish","format-standard","has-post-thumbnail","hentry","category-news","tag-giornata-mondiale-del-malato"],"_links":{"self":[{"href":"https:\/\/www.brundisium.net\/index.php\/wp-json\/wp\/v2\/posts\/125257","targetHints":{"allow":["GET"]}}],"collection":[{"href":"https:\/\/www.brundisium.net\/index.php\/wp-json\/wp\/v2\/posts"}],"about":[{"href":"https:\/\/www.brundisium.net\/index.php\/wp-json\/wp\/v2\/types\/post"}],"author":[{"embeddable":true,"href":"https:\/\/www.brundisium.net\/index.php\/wp-json\/wp\/v2\/users\/2"}],"replies":[{"embeddable":true,"href":"https:\/\/www.brundisium.net\/index.php\/wp-json\/wp\/v2\/comments?post=125257"}],"version-history":[{"count":1,"href":"https:\/\/www.brundisium.net\/index.php\/wp-json\/wp\/v2\/posts\/125257\/revisions"}],"predecessor-version":[{"id":125260,"href":"https:\/\/www.brundisium.net\/index.php\/wp-json\/wp\/v2\/posts\/125257\/revisions\/125260"}],"wp:featuredmedia":[{"embeddable":true,"href":"https:\/\/www.brundisium.net\/index.php\/wp-json\/wp\/v2\/media\/125259"}],"wp:attachment":[{"href":"https:\/\/www.brundisium.net\/index.php\/wp-json\/wp\/v2\/media?parent=125257"}],"wp:term":[{"taxonomy":"category","embeddable":true,"href":"https:\/\/www.brundisium.net\/index.php\/wp-json\/wp\/v2\/categories?post=125257"},{"taxonomy":"post_tag","embeddable":true,"href":"https:\/\/www.brundisium.net\/index.php\/wp-json\/wp\/v2\/tags?post=125257"}],"curies":[{"name":"wp","href":"https:\/\/api.w.org\/{rel}","templated":true}]}}