{"id":125269,"date":"2018-03-01T12:12:47","date_gmt":"2018-03-01T11:12:47","guid":{"rendered":"http:\/\/www.brundisium.net\/?p=125269"},"modified":"2018-03-02T23:14:35","modified_gmt":"2018-03-02T22:14:35","slug":"agenda-elettorale","status":"publish","type":"post","link":"https:\/\/www.brundisium.net\/index.php\/agenda-elettorale\/","title":{"rendered":"Elezioni Politiche 2018: Agenda Elettorale e Comunicati Stampa"},"content":{"rendered":"<p><strong>ROSY BARRETTA (PD)<\/strong><br \/>\n&nbsp;<br \/>\nDa sempre noi donne brindisine siamo prive di una Rappresentanza nel Parlamento italiano e questa battaglia deve riguardare non solo le donne, ma anche gli uomini.<\/p>\n<p>&nbsp;<\/p>\n<p>Solo all\u2019inizio degli anni \u201970 una nostra candidata \u00e8 stata ad un passo dall\u2019essere eletta. Da allora fino ad oggi nessun\u2019altra.<\/p>\n<p>&nbsp;<\/p>\n<p>Ma questa volta abbiamo Rosy Barretta, una preziosa, e forse unica, occasione per essere rappresentate come genere da chi possiede qualit\u00e0 e competenze.<\/p>\n<p>&nbsp;<\/p>\n<p>Questo pu\u00f2 accadere ad una sola condizione: che ci uniamo tutte e tutti superando ogni confine ideologico, di partito o di corrente per costituire una forza in grado di esprimere tante, tantissime preferenze necessarie a vincere e a rompere, finalmente, il tradizionale schema di voto al maschile.<\/p>\n<p>&nbsp;<\/p>\n<p>Rosy Barretta \u00e8 una imprenditrice, candidata del Partito Democratico al Senato nel Collegio Plurinominale Puglia2.<\/p>\n<p>&nbsp;<\/p>\n<p>Donna di spessore, impegnata in battaglie politiche, sociali, ambientaliste e culturali del nostro territorio. Ha acquisito nel tempo quelle peculiarit\u00e0 che la rendono oggi capace di svolgere un ruolo istituzionale e di contribuire allo sviluppo e alla crescita di una citt\u00e0, Brindisi, che attende da tempo la sua giusta collocazione nello scenario economico pugliese e non solo.<\/p>\n<p>&nbsp;<\/p>\n<p>Elvira D&#8217;Al\u00f2<br \/>\nDirigente scolastica in pensione<\/p>\n<p>Anna Maria Licchello<br \/>\nDirigente scolastica in pensione<\/p>\n<p>Loredana Cavallo<br \/>\nCommercialista<\/p>\n<p>Nadia Fanigliulo<br \/>\nOperatrice Sociale<\/p>\n<p>Mina Piliego<br \/>\nInsegnante<\/p>\n<p>Tonina Pisani Meo<br \/>\nTerapista della riabilitazione<\/p>\n<p>Francesca Capeto<br \/>\nImpiegata<\/p>\n<p>Loredana Invidia<br \/>\nAssistente Amministrativa<\/p>\n<p>Angela Maria Pisani<br \/>\nRagioniera<\/p>\n<p>Isabella Lettori<br \/>\nDott.sa in scienze politiche<\/p>\n<p>Maria Bennarivato<br \/>\nSarta<\/p>\n<p>Etta Andrisano<br \/>\nInsegnante in pensione<\/p>\n<p>Simonetta Membola<br \/>\nArtigiana\/o<\/p>\n<p>Giovanna Greco<br \/>\nImprenditrice<\/p>\n<p>Maria Donnicola<br \/>\nDott.sa in Biotecnologie<\/p>\n<p>Rita Manca<br \/>\nInsegnante in pensione<\/p>\n<p>Monica Motti<br \/>\nCasalinga<\/p>\n<p>Francesca Carbone<br \/>\nOperatrice Sociale<\/p>\n<p>Ada Rillo<br \/>\nCasalinga<\/p>\n<p>Orsola Guadalupi<br \/>\nImpiegata<\/p>\n<p>Elvira Goldani<br \/>\nDisoccupata<\/p>\n<p>Antonella Pianosi<br \/>\nImpiegata<\/p>\n<p>Elisabeth Brenda<br \/>\nCasalinga<\/p>\n<p>Lucia Elena De Lorenzis<br \/>\nImpiegata<\/p>\n<p>Antonella De Giorgio<br \/>\nDocente<\/p>\n<p>Sonia Moschettini<br \/>\nCasalinga<\/p>\n<p>Gabriella Greco<br \/>\nCasalinga<\/p>\n<p>Barbara Di Campi<br \/>\nArtigiana\/o<\/p>\n<p>Francesca Scanni<br \/>\nArchitetto<\/p>\n<p>Mimmo Tardio<br \/>\nDocente in pensione<\/p>\n<p>Simona Zaccaria<br \/>\nAvvocato<\/p>\n<p>Antimo Tateo<br \/>\nImpiegata\/o<\/p>\n<p>Alessio Carbonella<br \/>\nImpiegata\/o<\/p>\n<p>Nadia valentina Fanigliulo<br \/>\nImpiegata\/o<\/p>\n<p>Anna Lisco<br \/>\nDocente, Architetto<\/p>\n<p>Pamela Spinelli Giornalista<\/p>\n<p>Anna rosa Mastrorilli<br \/>\nCasalinga<\/p>\n<p>Francesco Cannalire<br \/>\nMilitare<\/p>\n<p>Marialuce Rollo<br \/>\nStudente<\/p>\n<p>Maria Greco<br \/>\nDocente<\/p>\n<p>Mina Piazzo<br \/>\nArchitetto<\/p>\n<p>Adriana Policicchio<br \/>\nPensionata\/o<\/p>\n<p>Antonio Melcore<br \/>\nSociologo<\/p>\n<p>Elena Tiziana Brigante<br \/>\nAvvocato<\/p>\n<p>Ilaria Roma<br \/>\nImpiegata\/o<\/p>\n<p>Giuseppe Melcore<br \/>\nStudente<\/p>\n<p>Marco Della Rosa<br \/>\nPraticante avvocato<\/p>\n<p>Deborah Di lucia<br \/>\nImpiegata\/o, Giornalista<\/p>\n<p>Antonio Strippoli<br \/>\nStudente<\/p>\n<p>Mino D&#8217;Amici<br \/>\nPensionata\/o<\/p>\n<p>Francesca Cuomo<br \/>\nGiornalista<\/p>\n<p>Paola Maniglio<br \/>\nImpiegata\/o<\/p>\n<p>Valeria Titi<br \/>\nDocente<\/p>\n<p>Luigi Modugno<br \/>\nImprenditore<\/p>\n<p>Antonella Alvisini<br \/>\nImpiegata\/o<\/p>\n<p>Augusto Scivales<br \/>\nPensionata\/o<\/p>\n<p>Vincenzo Renna<br \/>\nPensionata\/o<\/p>\n<p>Paola Giudice<br \/>\nCasalinga<\/p>\n<p>Sabrina Florio<br \/>\nImprenditore<\/p>\n<p>Rosi Quarta<br \/>\nImpiegata\/o<\/p>\n<p>Paola Vitali<br \/>\nMomentaneamente volontaria nell&#8217;assistenza anziani<\/p>\n<p>Cisimo Caliandri<br \/>\nImprenditore<\/p>\n<p>Claudia Napoletano<br \/>\nCommerciante<\/p>\n<p>Federica Della Rosa<br \/>\nStudente<\/p>\n<p>Damiano D&#8217;Amici<br \/>\nPensionata\/o<\/p>\n<p>Maria Di Filippo<br \/>\nGiornalista<\/p>\n<p>Maria Teresa Policicchio<br \/>\nDocente<\/p>\n<p>Ada Quartulli<br \/>\nLibero professionista<\/p>\n<p>Maria Paola Oriolo<br \/>\nGrafico<\/p>\n<p>Francesca Cafarella<br \/>\nStudente, Psicoterapeuta<\/p>\n<p>Alessandra Marzulli<br \/>\nImpiegata\/o<\/p>\n<p>Stefania Stefanelli<br \/>\nImpiegata\/o<\/p>\n<p>Angelo T\u00ecti<br \/>\nImprenditore<\/p>\n<p>Simonetta Guida<br \/>\nCasalinga, Artigiana\/o<\/p>\n<p>Daniela Stefanelli<br \/>\nCasalinga<\/p>\n<p>Sabrina Grande<br \/>\nCasalinga<\/p>\n<p>Isabella Catania<br \/>\nOperatrice Sociale<\/p>\n<p>Tiziana Stefanelli<br \/>\nAvvocato<\/p>\n<p>Maria Concetta Nacci<br \/>\nDocente<\/p>\n<p>Maria concetta Malorzo<br \/>\nArtigiana\/o<\/p>\n<p>Gianvito Bisci<br \/>\nOperatore sociale<\/p>\n<p>Giuseppina Cannalire<br \/>\nCollaboratrice scolastica<\/p>\n<p>Maria Carrozzo<br \/>\nPensionata\/o<\/p>\n<p>Rosetta Di venosa<br \/>\nCasalinga<\/p>\n<p>Francesca Capeto<br \/>\nImpiegata\/o<\/p>\n<p>Paolo Berardi<br \/>\nDirigente<\/p>\n<p>Roberta Oreti<br \/>\nImpiegata\/o<\/p>\n<p>Anna Barletta<br \/>\nCasalinga<\/p>\n<p>Cosima Camposeo<br \/>\nCasalinga<\/p>\n<p>Antonia Laera<br \/>\nCasalinga<\/p>\n<p>Paolo Melcore<br \/>\nOperio<\/p>\n<p>Francesco Mauro<br \/>\nDisoccupato<\/p>\n<p>Antonio Mauro<br \/>\nOperaio<\/p>\n<p>Umberto Barletta<br \/>\nPensionata\/o<\/p>\n<p>Rita Melcore<br \/>\nStudente<\/p>\n<p>Alexandro Castrignano<br \/>\nStudente<\/p>\n<p>Gabriele Zammillo<br \/>\nStudente<\/p>\n<p>Antonio De Natale<br \/>\nStudente<\/p>\n<p>Giulio Martella<br \/>\nStudente<\/p>\n<p>Sebastiano Rodio<br \/>\nDisoccupato<br \/>\n&nbsp;<\/p>\n<p><strong>LEU<\/strong><br \/>\nE\u2019  terminata  una campagna elettorale  in cui, con tanta umilt\u00e0 ma con  consapevolezza, ci siamo    avvicinati  ai bisogni della gente, alle loro difficolt\u00e0, ai tanti lavoratori   ed imprenditori  che sicuramente rappresentano  un grande patrimonio  del territorio brindisino  e non solo.<br \/>\nLiberi  e  Uguali, attraverso quotidiane  iniziative ( che hanno anche coinvolto leader come Massimo  D\u2019Alema) e  il contatto stretto con la gente, ha  cercato di far capire  l\u2019 importanza di un nuovo percorso politico, fatto  di  entusiasmo, speranza, la messa in campo di nuove idee e progettualit\u00e0.   Una nuova    Sinistra  che faccia gli interessi dei pi\u00f9 umili, i bisognosi, coloro  che  non hanno  lavoro  e neanche  pi\u00f9 dignit\u00e0.<br \/>\nI nostri candidati  della  provincia  di Brindisi(  Rosanna  Cavallo, Pierluigi  Sozzi, Giuseppe  Palazzo, Valentina  Carella), hanno avuto  incontri  con  aziende, associazioni di categoria, operai, i sindacati.  Trasmettendo  loro  non promesse  e slogan( quante ne abbiamo sentire in questa  strana campagna elettorale), ma   tanto impegno .  Dignit\u00e0  del  lavoro( attraverso la reintroduzione dell\u2019 art. 18),  l\u2019 istruzione pubblica  accessibile  a tutti, un fisco pi\u00f9 equo  e giusto ( battendo  elusione  ed evasione), una   Sanit\u00e0 che rappresenti  un   \u201cdiritto universale\u201d, una   \u201csvolta verde\u201d per  l\u2019 ambiente  e la difesa  del territorio  :  capisaldi  della nostra azione politica  e sociale, per i quali ci batteremo sino all\u2019 ultimo.<br \/>\nLo faremo, se i cittadini ci daranno la possibilit\u00e0, attraverso  le motivazioni  ed entusiasmo  dei  nostri candidati al prossimo   Parlamento, a rappresentare al meglio   il nostro territorio.     \u201c Amo la mia terra, che ha  bisogno  di  essere  amata  e curata  dalla  semplicit\u00e0 della politica  e i giusti atteggiamenti verso  chi soffre  e speri  in un futuro  migliore  \u201c- queste le  parole  della nostra  Rosanna  Cavallo,  \u201c sintesi\u201d  del virtuoso  percorso   che ha  voluto intraprendere      Liberi  e  Uguali.<br \/>\nGrazie  a tutti.<\/p>\n<p>                                                COORDINAMENTO  LIBERI  E UGUALI  BRINDISI<\/p>\n","protected":false},"excerpt":{"rendered":"<p>ROSY BARRETTA (PD) &nbsp; Da sempre noi donne brindisine siamo prive di una Rappresentanza nel Parlamento italiano e questa battaglia deve riguardare non solo le donne, ma anche gli uomini. &nbsp; Solo all\u2019inizio degli anni \u201970 una nostra candidata \u00e8 stata ad un passo dall\u2019essere eletta. Da allora fino ad oggi nessun\u2019altra. &nbsp; Ma questa volta abbiamo Rosy Barretta, una preziosa, e forse unica, occasione per essere rappresentate come genere da chi possiede qualit\u00e0 e competenze. &nbsp; Questo pu\u00f2 accadere ad una sola condizione: che ci uniamo tutte e tutti superando ogni confine ideologico, di partito o di corrente per costituire una forza in grado di esprimere tante, tantissime preferenze necessarie a vincere e a rompere, finalmente, il tradizionale schema di voto al maschile. &nbsp; Rosy Barretta \u00e8 una imprenditrice, candidata del Partito Democratico al Senato nel Collegio Plurinominale Puglia2. &nbsp; Donna di spessore, impegnata in battaglie politiche, sociali, ambientaliste e culturali del nostro territorio. Ha acquisito nel tempo quelle peculiarit\u00e0 che la rendono oggi capace di svolgere un ruolo&#8230;<\/p>\n","protected":false},"author":2,"featured_media":126000,"comment_status":"open","ping_status":"closed","sticky":false,"template":"","format":"standard","meta":{"footnotes":""},"categories":[7],"tags":[5509],"class_list":["post-125269","post","type-post","status-publish","format-standard","has-post-thumbnail","hentry","category-news","tag-elezioni-politiche"],"_links":{"self":[{"href":"https:\/\/www.brundisium.net\/index.php\/wp-json\/wp\/v2\/posts\/125269","targetHints":{"allow":["GET"]}}],"collection":[{"href":"https:\/\/www.brundisium.net\/index.php\/wp-json\/wp\/v2\/posts"}],"about":[{"href":"https:\/\/www.brundisium.net\/index.php\/wp-json\/wp\/v2\/types\/post"}],"author":[{"embeddable":true,"href":"https:\/\/www.brundisium.net\/index.php\/wp-json\/wp\/v2\/users\/2"}],"replies":[{"embeddable":true,"href":"https:\/\/www.brundisium.net\/index.php\/wp-json\/wp\/v2\/comments?post=125269"}],"version-history":[{"count":53,"href":"https:\/\/www.brundisium.net\/index.php\/wp-json\/wp\/v2\/posts\/125269\/revisions"}],"predecessor-version":[{"id":126630,"href":"https:\/\/www.brundisium.net\/index.php\/wp-json\/wp\/v2\/posts\/125269\/revisions\/126630"}],"wp:featuredmedia":[{"embeddable":true,"href":"https:\/\/www.brundisium.net\/index.php\/wp-json\/wp\/v2\/media\/126000"}],"wp:attachment":[{"href":"https:\/\/www.brundisium.net\/index.php\/wp-json\/wp\/v2\/media?parent=125269"}],"wp:term":[{"taxonomy":"category","embeddable":true,"href":"https:\/\/www.brundisium.net\/index.php\/wp-json\/wp\/v2\/categories?post=125269"},{"taxonomy":"post_tag","embeddable":true,"href":"https:\/\/www.brundisium.net\/index.php\/wp-json\/wp\/v2\/tags?post=125269"}],"curies":[{"name":"wp","href":"https:\/\/api.w.org\/{rel}","templated":true}]}}