{"id":125599,"date":"2018-02-17T11:00:35","date_gmt":"2018-02-17T10:00:35","guid":{"rendered":"http:\/\/www.brundisium.net\/?p=125599"},"modified":"2018-02-17T18:38:01","modified_gmt":"2018-02-17T17:38:01","slug":"rapina-alla-farmacia-comunale-la-solidarieta-del-commissario-giuffre-al-farmacista-cappelli","status":"publish","type":"post","link":"https:\/\/www.brundisium.net\/index.php\/rapina-alla-farmacia-comunale-la-solidarieta-del-commissario-giuffre-al-farmacista-cappelli\/","title":{"rendered":"Rapina alla Farmacia Comunale: la solidariet\u00e0 del Commissario Giuffr\u00e8 al farmacista Cappelli"},"content":{"rendered":"<p>Il Commissario Straordinario del Comune di Brindisi, appresa la notizia della tentata rapina presso la Farmacia comunale di Via G.Balsamo, a nome della Citt\u00e0 intera, esprime la vicinanza al Sig. Stefano Cappelli, impiegato del Servizio Farmaceutico comunale.<br \/>\nNello svolgimento del suo lavoro ha manifestato grande attaccamento, non mancando di mettere a rischio la propria incolumit\u00e0 a difesa del bene pubblico.<br \/>\nNell&#8217;augurargLi una pronta ripresa, manifesta la solidariet\u00e0 della comunit\u00e0 cittadina.<\/p>\n","protected":false},"excerpt":{"rendered":"<p>Il Commissario Straordinario del Comune di Brindisi, appresa la notizia della tentata rapina presso la Farmacia comunale di Via G.Balsamo, a nome della Citt\u00e0 intera, esprime la vicinanza al Sig. Stefano Cappelli, impiegato del Servizio Farmaceutico comunale. Nello svolgimento del suo lavoro ha manifestato grande attaccamento, non mancando di mettere a rischio la propria incolumit\u00e0 a difesa del bene pubblico. Nell&#8217;augurargLi una pronta ripresa, manifesta la solidariet\u00e0 della comunit\u00e0 cittadina.<\/p>\n","protected":false},"author":2,"featured_media":104933,"comment_status":"open","ping_status":"closed","sticky":false,"template":"","format":"standard","meta":{"footnotes":""},"categories":[7],"tags":[195,5612],"class_list":["post-125599","post","type-post","status-publish","format-standard","has-post-thumbnail","hentry","category-news","tag-giuffre","tag-rapina-farmacia-comunale"],"_links":{"self":[{"href":"https:\/\/www.brundisium.net\/index.php\/wp-json\/wp\/v2\/posts\/125599","targetHints":{"allow":["GET"]}}],"collection":[{"href":"https:\/\/www.brundisium.net\/index.php\/wp-json\/wp\/v2\/posts"}],"about":[{"href":"https:\/\/www.brundisium.net\/index.php\/wp-json\/wp\/v2\/types\/post"}],"author":[{"embeddable":true,"href":"https:\/\/www.brundisium.net\/index.php\/wp-json\/wp\/v2\/users\/2"}],"replies":[{"embeddable":true,"href":"https:\/\/www.brundisium.net\/index.php\/wp-json\/wp\/v2\/comments?post=125599"}],"version-history":[{"count":1,"href":"https:\/\/www.brundisium.net\/index.php\/wp-json\/wp\/v2\/posts\/125599\/revisions"}],"predecessor-version":[{"id":125600,"href":"https:\/\/www.brundisium.net\/index.php\/wp-json\/wp\/v2\/posts\/125599\/revisions\/125600"}],"wp:featuredmedia":[{"embeddable":true,"href":"https:\/\/www.brundisium.net\/index.php\/wp-json\/wp\/v2\/media\/104933"}],"wp:attachment":[{"href":"https:\/\/www.brundisium.net\/index.php\/wp-json\/wp\/v2\/media?parent=125599"}],"wp:term":[{"taxonomy":"category","embeddable":true,"href":"https:\/\/www.brundisium.net\/index.php\/wp-json\/wp\/v2\/categories?post=125599"},{"taxonomy":"post_tag","embeddable":true,"href":"https:\/\/www.brundisium.net\/index.php\/wp-json\/wp\/v2\/tags?post=125599"}],"curies":[{"name":"wp","href":"https:\/\/api.w.org\/{rel}","templated":true}]}}