{"id":125685,"date":"2018-02-18T19:53:44","date_gmt":"2018-02-18T18:53:44","guid":{"rendered":"http:\/\/www.brundisium.net\/?p=125685"},"modified":"2018-02-21T11:07:06","modified_gmt":"2018-02-21T10:07:06","slug":"mercoledi-21-a-brindisi-ruth-dureghello-presidente-della-comunita-ebraica-di-roma","status":"publish","type":"post","link":"https:\/\/www.brundisium.net\/index.php\/mercoledi-21-a-brindisi-ruth-dureghello-presidente-della-comunita-ebraica-di-roma\/","title":{"rendered":"Mercoled\u00ec 21 a Brindisi Ruth Dureghello, Presidente della Comunit\u00e0 Ebraica di Roma"},"content":{"rendered":"<p>Mercoled\u00ec 21 febbraio p.v., l\u2019I.T.T. \u201cG. Giorgi\u201d di Brindisi sar\u00e0 lieto di ospitare Ruth Dureghello, Presidente della Comunit\u00e0 Ebraica di Roma, e Riccardo Pacifici, Executive Board Israeli Jewish Congress, che incontreranno alle ore 11:00, nell\u2019Aula Magna \u201cPaolo Borsellino\u201d, gli studenti delle quinte classi in un dibattito dal titolo \u201cIl silenzio degli indifferenti \u2026a ottanta anni dalle leggi razziali\u201d. Il 2018 segna, infatti, l&#8217;80\u00b0 ricorrenza dell&#8217;emanazione delle leggi razziali.<\/p>\n<p>&nbsp;<\/p>\n<p>All\u2019evento interverranno il Commissario Straordinario del Comune di Brindisi, Santi Giuffr\u00e8, il Prefetto di Brindisi, Valerio Valenti, il Procuratore Capo della Repubblica di Brindisi, Antonio De Donno, e il Questore di Brindisi, Maurizio Mascipinto.<\/p>\n","protected":false},"excerpt":{"rendered":"<p>Mercoled\u00ec 21 febbraio p.v., l\u2019I.T.T. \u201cG. Giorgi\u201d di Brindisi sar\u00e0 lieto di ospitare Ruth Dureghello, Presidente della Comunit\u00e0 Ebraica di Roma, e Riccardo Pacifici, Executive Board Israeli Jewish Congress, che incontreranno alle ore 11:00, nell\u2019Aula Magna \u201cPaolo Borsellino\u201d, gli studenti delle quinte classi in un dibattito dal titolo \u201cIl silenzio degli indifferenti \u2026a ottanta anni dalle leggi razziali\u201d. Il 2018 segna, infatti, l&#8217;80\u00b0 ricorrenza dell&#8217;emanazione delle leggi razziali. &nbsp; All\u2019evento interverranno il Commissario Straordinario del Comune di Brindisi, Santi Giuffr\u00e8, il Prefetto di Brindisi, Valerio Valenti, il Procuratore Capo della Repubblica di Brindisi, Antonio De Donno, e il Questore di Brindisi, Maurizio Mascipinto.<\/p>\n","protected":false},"author":2,"featured_media":125686,"comment_status":"open","ping_status":"closed","sticky":false,"template":"","format":"standard","meta":{"footnotes":""},"categories":[7],"tags":[5631],"class_list":["post-125685","post","type-post","status-publish","format-standard","has-post-thumbnail","hentry","category-news","tag-comunita-ebraica"],"_links":{"self":[{"href":"https:\/\/www.brundisium.net\/index.php\/wp-json\/wp\/v2\/posts\/125685","targetHints":{"allow":["GET"]}}],"collection":[{"href":"https:\/\/www.brundisium.net\/index.php\/wp-json\/wp\/v2\/posts"}],"about":[{"href":"https:\/\/www.brundisium.net\/index.php\/wp-json\/wp\/v2\/types\/post"}],"author":[{"embeddable":true,"href":"https:\/\/www.brundisium.net\/index.php\/wp-json\/wp\/v2\/users\/2"}],"replies":[{"embeddable":true,"href":"https:\/\/www.brundisium.net\/index.php\/wp-json\/wp\/v2\/comments?post=125685"}],"version-history":[{"count":1,"href":"https:\/\/www.brundisium.net\/index.php\/wp-json\/wp\/v2\/posts\/125685\/revisions"}],"predecessor-version":[{"id":125687,"href":"https:\/\/www.brundisium.net\/index.php\/wp-json\/wp\/v2\/posts\/125685\/revisions\/125687"}],"wp:featuredmedia":[{"embeddable":true,"href":"https:\/\/www.brundisium.net\/index.php\/wp-json\/wp\/v2\/media\/125686"}],"wp:attachment":[{"href":"https:\/\/www.brundisium.net\/index.php\/wp-json\/wp\/v2\/media?parent=125685"}],"wp:term":[{"taxonomy":"category","embeddable":true,"href":"https:\/\/www.brundisium.net\/index.php\/wp-json\/wp\/v2\/categories?post=125685"},{"taxonomy":"post_tag","embeddable":true,"href":"https:\/\/www.brundisium.net\/index.php\/wp-json\/wp\/v2\/tags?post=125685"}],"curies":[{"name":"wp","href":"https:\/\/api.w.org\/{rel}","templated":true}]}}