{"id":125718,"date":"2018-02-19T12:43:08","date_gmt":"2018-02-19T11:43:08","guid":{"rendered":"http:\/\/www.brundisium.net\/?p=125718"},"modified":"2018-02-21T11:07:36","modified_gmt":"2018-02-21T10:07:36","slug":"mariano-pd-impegno-per-la-valorizzazione-turistica-del-castello-svevo-e-del-castello-alfonsino-di-brindisi","status":"publish","type":"post","link":"https:\/\/www.brundisium.net\/index.php\/mariano-pd-impegno-per-la-valorizzazione-turistica-del-castello-svevo-e-del-castello-alfonsino-di-brindisi\/","title":{"rendered":"Mariano (PD): &#8220;impegno per la valorizzazione turistica del Castello Svevo e del Castello Alfonsino di Brindisi&#8221;"},"content":{"rendered":"<p>Il valore aggiunto per una ulteriore crescita turistica del nostro territorio \u00e8 certamente rappresentato dalla capacit\u00e0 di rendere fruibili i nostri segni della storia e, pi\u00f9 in generale, le bellezze di quest\u2019area di un paese meraviglioso come l\u2019Italia.<\/p>\n<p>&nbsp;<\/p>\n<p>Il mio impegno parlamentare, in questi anni, si \u00e8 svolto anche in tale direzione \u2013 in piena sintonia con numerose associazioni brindisine che si sono attivate per attirare le attenzioni su questo bene &#8211; e con soddisfazione posso dire che il finanziamento di cinque milioni di euro per il Castello Alfonsino e per Forte a Mare \u00e8 proprio frutto della costanza con cui ho seguito la vicenda, riuscendo a far inserire il compendio brindisino nel Pon Cultura.<\/p>\n<p>&nbsp;<\/p>\n<p>Adesso l\u2019obiettivo \u00e8 di effettuare un restauro appropriato per poi restituire ai brindisini ed a migliaia di turisti la possibilit\u00e0 di fruire di un bene storico di grandissima rilevanza, peraltro posizionato all\u2019ingresso del porto ed a poca distanza dal molo turistico e da un tratto di litorale dove sta per partire un intervento di valorizzazione (sempre in un\u2019ottica di fruizione) da parte dell\u2019Amministrazione Comunale.<\/p>\n<p>&nbsp;<\/p>\n<p>Seguo con estremo interesse, inoltre, l\u2019attivit\u00e0 del comitato cittadino per \u201cUna Brindisi turistica e vivibile\u201d che chiede una cooperazione tra i vari attori istituzionali affinch\u00e9 si possa ottenere una maggiore fruibilit\u00e0 anche del Castello Svevo.<\/p>\n<p>&nbsp;<\/p>\n<p>Si tratta, come \u00e8 noto, di un bene di grande valore, posizionato nel cuore della citt\u00e0, tenuto in ottime condizioni dalla Marina Militare.<\/p>\n<p>&nbsp;<\/p>\n<p>Creare i presupposti perch\u00e9 possa essere visitato con maggiore facilit\u00e0 deve rappresentare un impegno per i prossimi parlamentari e per la futura Amministrazione Comunale.<\/p>\n<p>&nbsp;<\/p>\n<p>&nbsp;<\/p>\n<p><strong>On. Elisa Mariano (PD)<\/strong><\/p>\n<p><strong>Candidata alla Camera dei Deputati<\/strong><\/p>\n","protected":false},"excerpt":{"rendered":"<p>Il valore aggiunto per una ulteriore crescita turistica del nostro territorio \u00e8 certamente rappresentato dalla capacit\u00e0 di rendere fruibili i nostri segni della storia e, pi\u00f9 in generale, le bellezze di quest\u2019area di un paese meraviglioso come l\u2019Italia. &nbsp; Il mio impegno parlamentare, in questi anni, si \u00e8 svolto anche in tale direzione \u2013 in piena sintonia con numerose associazioni brindisine che si sono attivate per attirare le attenzioni su questo bene &#8211; e con soddisfazione posso dire che il finanziamento di cinque milioni di euro per il Castello Alfonsino e per Forte a Mare \u00e8 proprio frutto della costanza con cui ho seguito la vicenda, riuscendo a far inserire il compendio brindisino nel Pon Cultura. &nbsp; Adesso l\u2019obiettivo \u00e8 di effettuare un restauro appropriato per poi restituire ai brindisini ed a migliaia di turisti la possibilit\u00e0 di fruire di un bene storico di grandissima rilevanza, peraltro posizionato all\u2019ingresso del porto ed a poca distanza dal molo turistico e da un tratto di litorale dove sta per partire un intervento&#8230;<\/p>\n","protected":false},"author":2,"featured_media":125556,"comment_status":"open","ping_status":"closed","sticky":false,"template":"","format":"standard","meta":{"footnotes":""},"categories":[7],"tags":[98,44],"class_list":["post-125718","post","type-post","status-publish","format-standard","has-post-thumbnail","hentry","category-news","tag-elisa-mariano","tag-partito-democratico"],"_links":{"self":[{"href":"https:\/\/www.brundisium.net\/index.php\/wp-json\/wp\/v2\/posts\/125718","targetHints":{"allow":["GET"]}}],"collection":[{"href":"https:\/\/www.brundisium.net\/index.php\/wp-json\/wp\/v2\/posts"}],"about":[{"href":"https:\/\/www.brundisium.net\/index.php\/wp-json\/wp\/v2\/types\/post"}],"author":[{"embeddable":true,"href":"https:\/\/www.brundisium.net\/index.php\/wp-json\/wp\/v2\/users\/2"}],"replies":[{"embeddable":true,"href":"https:\/\/www.brundisium.net\/index.php\/wp-json\/wp\/v2\/comments?post=125718"}],"version-history":[{"count":1,"href":"https:\/\/www.brundisium.net\/index.php\/wp-json\/wp\/v2\/posts\/125718\/revisions"}],"predecessor-version":[{"id":125719,"href":"https:\/\/www.brundisium.net\/index.php\/wp-json\/wp\/v2\/posts\/125718\/revisions\/125719"}],"wp:featuredmedia":[{"embeddable":true,"href":"https:\/\/www.brundisium.net\/index.php\/wp-json\/wp\/v2\/media\/125556"}],"wp:attachment":[{"href":"https:\/\/www.brundisium.net\/index.php\/wp-json\/wp\/v2\/media?parent=125718"}],"wp:term":[{"taxonomy":"category","embeddable":true,"href":"https:\/\/www.brundisium.net\/index.php\/wp-json\/wp\/v2\/categories?post=125718"},{"taxonomy":"post_tag","embeddable":true,"href":"https:\/\/www.brundisium.net\/index.php\/wp-json\/wp\/v2\/tags?post=125718"}],"curies":[{"name":"wp","href":"https:\/\/api.w.org\/{rel}","templated":true}]}}