{"id":125837,"date":"2018-02-20T18:04:38","date_gmt":"2018-02-20T17:04:38","guid":{"rendered":"http:\/\/www.brundisium.net\/?p=125837"},"modified":"2018-02-21T11:02:32","modified_gmt":"2018-02-21T10:02:32","slug":"forum-della-societa-civile-giovedi-22-febbraio-le-associazioni-eleggeranno-la-prima-consulta-dei-giovani","status":"publish","type":"post","link":"https:\/\/www.brundisium.net\/index.php\/forum-della-societa-civile-giovedi-22-febbraio-le-associazioni-eleggeranno-la-prima-consulta-dei-giovani\/","title":{"rendered":"Forum della Societ\u00e0 Civile: gioved\u00ec 22 febbraio le Associazioni eleggeranno la prima Consulta dei Giovani"},"content":{"rendered":"<p>Come stabilito dallo Statuto Comunale, modificato con la delibera di CC n. 86 del 19 dicembre dello<br \/>\nscorso anno, il Forum della Societ\u00e0 Civile di Ostuni si doter\u00e0 della Consulta dei Giovani. L\u2019organo sar\u00e0 eletto gioved\u00ec prossimo 22 febbraio, dalle associazioni iscritte al Forum, che si riuniranno alle ore 16 presso il Salone dei Sindaci di Palazzo San Francesco. <\/p>\n<p>Al fine di facilitare il lavoro di partecipazione dei cittadini e delle associazioni, il Comune di Ostuni e il Forum della Societ\u00e0 Civile promuovono la formazione della prima Consulta dei Giovani, che sar\u00e0 composta da almeno cinque ragazzi tra i 16 e i 25 anni, che verranno eletti dai membri delle associazioni iscritte al Forum, come previsto dall\u2019art. 12, comma 4 bis del Regolamento per la disciplina delle forme di partecipazione popolare. <\/p>\n<p>Alle quattro consulte di settore gi\u00e0 individuate (attivit\u00e0 produttive, cultura, istruzione e sport; salvaguardia dell\u2019ambiente, dell\u2019assetto del territorio e della tutela dei beni culturali;  attivit\u00e0 sociali, sanitarie e qualit\u00e0 della vita) si aggiunge quindi la consulta dei giovani, che avr\u00e0 il compito di apportare al dibattito cittadino il punto di vista delle nuove generazioni, rappresentando simbolicamente un ponte tra i giovani, la societ\u00e0 locale e la pubblica amministrazione. <\/p>\n<p>All\u2019incontro pubblico di gioved\u00ec prossimo, a cui \u00e8 invitata tutta la cittadinanza, prender\u00e0 parte il sindaco di Ostuni Gianfranco Coppola, il Presidente del Consiglio Comunale Ernesto  Camassa, l\u2019Assessore alla Partecipazione ed alla Trasparenza Guglielmo Cavallo, i Coordinatori delle Consulte:  Giuseppe Zurlo, Teresa Lococciolo, Enrico Ciola, Franco Colizzi.<\/p>\n","protected":false},"excerpt":{"rendered":"<p>Come stabilito dallo Statuto Comunale, modificato con la delibera di CC n. 86 del 19 dicembre dello scorso anno, il Forum della Societ\u00e0 Civile di Ostuni si doter\u00e0 della Consulta dei Giovani. L\u2019organo sar\u00e0 eletto gioved\u00ec prossimo 22 febbraio, dalle associazioni iscritte al Forum, che si riuniranno alle ore 16 presso il Salone dei Sindaci di Palazzo San Francesco. Al fine di facilitare il lavoro di partecipazione dei cittadini e delle associazioni, il Comune di Ostuni e il Forum della Societ\u00e0 Civile promuovono la formazione della prima Consulta dei Giovani, che sar\u00e0 composta da almeno cinque ragazzi tra i 16 e i 25 anni, che verranno eletti dai membri delle associazioni iscritte al Forum, come previsto dall\u2019art. 12, comma 4 bis del Regolamento per la disciplina delle forme di partecipazione popolare. Alle quattro consulte di settore gi\u00e0 individuate (attivit\u00e0 produttive, cultura, istruzione e sport; salvaguardia dell\u2019ambiente, dell\u2019assetto del territorio e della tutela dei beni culturali; attivit\u00e0 sociali, sanitarie e qualit\u00e0 della vita) si aggiunge quindi la consulta dei giovani, che&#8230;<\/p>\n","protected":false},"author":2,"featured_media":122629,"comment_status":"open","ping_status":"closed","sticky":false,"template":"","format":"standard","meta":{"footnotes":""},"categories":[7],"tags":[5625,53],"class_list":["post-125837","post","type-post","status-publish","format-standard","has-post-thumbnail","hentry","category-news","tag-forum-della-societa-civile","tag-ostuni"],"_links":{"self":[{"href":"https:\/\/www.brundisium.net\/index.php\/wp-json\/wp\/v2\/posts\/125837","targetHints":{"allow":["GET"]}}],"collection":[{"href":"https:\/\/www.brundisium.net\/index.php\/wp-json\/wp\/v2\/posts"}],"about":[{"href":"https:\/\/www.brundisium.net\/index.php\/wp-json\/wp\/v2\/types\/post"}],"author":[{"embeddable":true,"href":"https:\/\/www.brundisium.net\/index.php\/wp-json\/wp\/v2\/users\/2"}],"replies":[{"embeddable":true,"href":"https:\/\/www.brundisium.net\/index.php\/wp-json\/wp\/v2\/comments?post=125837"}],"version-history":[{"count":1,"href":"https:\/\/www.brundisium.net\/index.php\/wp-json\/wp\/v2\/posts\/125837\/revisions"}],"predecessor-version":[{"id":125838,"href":"https:\/\/www.brundisium.net\/index.php\/wp-json\/wp\/v2\/posts\/125837\/revisions\/125838"}],"wp:featuredmedia":[{"embeddable":true,"href":"https:\/\/www.brundisium.net\/index.php\/wp-json\/wp\/v2\/media\/122629"}],"wp:attachment":[{"href":"https:\/\/www.brundisium.net\/index.php\/wp-json\/wp\/v2\/media?parent=125837"}],"wp:term":[{"taxonomy":"category","embeddable":true,"href":"https:\/\/www.brundisium.net\/index.php\/wp-json\/wp\/v2\/categories?post=125837"},{"taxonomy":"post_tag","embeddable":true,"href":"https:\/\/www.brundisium.net\/index.php\/wp-json\/wp\/v2\/tags?post=125837"}],"curies":[{"name":"wp","href":"https:\/\/api.w.org\/{rel}","templated":true}]}}