{"id":125873,"date":"2018-02-21T16:16:58","date_gmt":"2018-02-21T15:16:58","guid":{"rendered":"http:\/\/www.brundisium.net\/?p=125873"},"modified":"2018-02-21T16:16:58","modified_gmt":"2018-02-21T15:16:58","slug":"insediato-il-tavolo-permanente-di-coordinamento-dellintegrazione-sociosanitaria-dellasl-br","status":"publish","type":"post","link":"https:\/\/www.brundisium.net\/index.php\/insediato-il-tavolo-permanente-di-coordinamento-dellintegrazione-sociosanitaria-dellasl-br\/","title":{"rendered":"Insediato il tavolo permanente di coordinamento dell&#8217;integrazione sociosanitaria dell&#8217;Asl Br"},"content":{"rendered":"<p>Dopo l\u2019avvio del progetto approvato con deliberazione ASL BR del 22 novembre scorso, il 19 febbraio si \u00e8 insediato il Tavolo Permanente di Coordinamento dell\u2019Integrazione Socio-Sanitaria (TAPECISS).<\/p>\n<p>&nbsp;<\/p>\n<p>L\u2019idea, nata da una sollecitazione dei rappresentanti delle Associazioni e Cooperative Sociali che costituiscono la Rete \u201cDisabilit\u00e0 Insieme\u201d, e fortemente sostenuta dalla Direzione Generale della ASL di Brindisi e dal Direttore dei Servizi Socio-Sanitari aziendale, ha l\u2019obiettivo di far convergere, in un&#8217;unica direzione, le azioni e le risorse destinate a quella fascia di popolazione in condizioni di fragilit\u00e0 sociale e sanitaria.<\/p>\n<p>&nbsp;<\/p>\n<p>Le attivit\u00e0 di programmazione che caratterizzano il progetto, fanno riferimento al Regolamento Regionale n. 4 del 2007, con un coordinamento che si pone come cerniera tra il bisogno sociale e sanitario del cittadino e le risposte organizzate dei soggetti istituzionali coinvolti per competenza.<\/p>\n<p>&nbsp;<\/p>\n<p>L\u2019incontro, tenutosi presso la Sala Convegni della ASL di Brindisi, alla presenza del Direttore dei Servizi Socio-Sanitari Giuseppina Scarano, \u00e8 stato molto partecipato. Presenti diversi rappresentanti istituzionali (M. Rollo, Assessore con delega ai Servizi Sociali del Comune di Cellino San Marco; A. Faggiano, Assessore ai Servizi Sociali del Comune di San Pancrazio Salentino; P. Iaia, Presidente del Consiglio Comunale San Vito dei Normanni; S. Ripa, Sindaco di San Pancrazio Salentino; D. Conte, Sindaco di San Vito dei Normanni; P. Molfetta, Sindaco di Mesagne; A. Rubino, Assessore Servizi Sociali di Mesagne), nonch\u00e9 dei referenti dei Distretti socio-sanitari (A. Vitale, Resp. Distretto n. 3 Francavilla Fontana; A. Canuto, Coordinatore P.U.A. Distretto n. 4; R. Convertini, Distretto Socio-Sanitario n. 2; G. Ferrara, Distretto Socio-Sanitario n. 2), dei rappresentanti degli Ambiti (M. A. Ardone, Assistente Sociale Comune di San Vito dei Normanni; C. Campana, Responsabile Ufficio di Piano Mesagne), delle Organizzazioni Sindacali (T. Giunta, UIL Pensionati; A. Baldassarre, UST CISL Ta\/Br; P. De Giorgio, FNP CISL Ta\/Br; M. Almiento, SPI CGIL Brindisi), dell\u2019Ufficio Scolastico Provinciale (C. Semerano). Presenti anche rappresentanti delle associazioni di volontariato: F. Dipietrangelo, Presidente del Comitato Consultivo Misto ASL BR, e referenti di tre associazioni individuate dalla stessa rete \u201cDisabilit\u00e0 Insieme\u201d come portavoce delle esigenze e delle problematiche comuni a tutte le realt\u00e0 che ne fanno parte (S. Quaranta, Presidente AIPD Brindisi; G. Di Giorgio, vice-Presidente AISM; F. Fonseca, Coordinatrice Centro Diurno \u201cDante Cappello\u201d; M. Sardano, Presidente UIC Brindisi).<\/p>\n<p>&nbsp;<\/p>\n<p>La rilevante partecipazione \u00e8 segno di una condivisione degli obiettivi e della volont\u00e0 di operare insieme per snellire e rendere pi\u00f9 celeri le procedure finalizzate ad usufruire di prestazioni socio-sanitarie di diverso genere.<\/p>\n<p>&nbsp;<\/p>\n<p>Diversi i temi trattati nell\u2019incontro: si \u00e8 parlato dei compiti delle P.U.A. (Porte Uniche di Accesso) come organi preposti alla valutazione dei bisogni socio-sanitari per risposte pi\u00f9 efficaci, di integrazione scolastica, di inserimento lavorativo delle persone con disabilit\u00e0, di sostegno alle famiglie, dell\u2019importanza del volontariato come risorsa, della individuazione di buone pratiche, della crescente problematica relativa all\u2019autismo per la quale tutt\u2019oggi i servizi risultano ancora carenti. Si \u00e8 cercato, inoltre, di dar voce alle quotidiane tematiche rappresentate da singoli cittadini presenti e sono state considerate le prime proposte per la soluzione dei problemi.<\/p>\n<p>&nbsp;<\/p>\n<p>Si tratta sicuramente di un punto di partenza, non di un traguardo, l\u2019inizio di un percorso concreto che porti al miglioramento dell\u2019offerta dei Servizi Socio-Sanitari attraverso una reale sinergia tra tutti i soggetti coinvolti nel processo.<\/p>\n<p>&nbsp;<\/p>\n<p>&nbsp;<\/p>\n<p>UFFICIO STAMPA ASL BR<\/p>\n<p>&nbsp;<\/p>\n","protected":false},"excerpt":{"rendered":"<p>Dopo l\u2019avvio del progetto approvato con deliberazione ASL BR del 22 novembre scorso, il 19 febbraio si \u00e8 insediato il Tavolo Permanente di Coordinamento dell\u2019Integrazione Socio-Sanitaria (TAPECISS). &nbsp; L\u2019idea, nata da una sollecitazione dei rappresentanti delle Associazioni e Cooperative Sociali che costituiscono la Rete \u201cDisabilit\u00e0 Insieme\u201d, e fortemente sostenuta dalla Direzione Generale della ASL di Brindisi e dal Direttore dei Servizi Socio-Sanitari aziendale, ha l\u2019obiettivo di far convergere, in un&#8217;unica direzione, le azioni e le risorse destinate a quella fascia di popolazione in condizioni di fragilit\u00e0 sociale e sanitaria. &nbsp; Le attivit\u00e0 di programmazione che caratterizzano il progetto, fanno riferimento al Regolamento Regionale n. 4 del 2007, con un coordinamento che si pone come cerniera tra il bisogno sociale e sanitario del cittadino e le risposte organizzate dei soggetti istituzionali coinvolti per competenza. &nbsp; L\u2019incontro, tenutosi presso la Sala Convegni della ASL di Brindisi, alla presenza del Direttore dei Servizi Socio-Sanitari Giuseppina Scarano, \u00e8 stato molto partecipato. Presenti diversi rappresentanti istituzionali (M. Rollo, Assessore con delega ai Servizi Sociali del&#8230;<\/p>\n","protected":false},"author":2,"featured_media":14889,"comment_status":"open","ping_status":"closed","sticky":false,"template":"","format":"standard","meta":{"footnotes":""},"categories":[7],"tags":[778],"class_list":["post-125873","post","type-post","status-publish","format-standard","has-post-thumbnail","hentry","category-news","tag-asl-brindisi"],"_links":{"self":[{"href":"https:\/\/www.brundisium.net\/index.php\/wp-json\/wp\/v2\/posts\/125873","targetHints":{"allow":["GET"]}}],"collection":[{"href":"https:\/\/www.brundisium.net\/index.php\/wp-json\/wp\/v2\/posts"}],"about":[{"href":"https:\/\/www.brundisium.net\/index.php\/wp-json\/wp\/v2\/types\/post"}],"author":[{"embeddable":true,"href":"https:\/\/www.brundisium.net\/index.php\/wp-json\/wp\/v2\/users\/2"}],"replies":[{"embeddable":true,"href":"https:\/\/www.brundisium.net\/index.php\/wp-json\/wp\/v2\/comments?post=125873"}],"version-history":[{"count":1,"href":"https:\/\/www.brundisium.net\/index.php\/wp-json\/wp\/v2\/posts\/125873\/revisions"}],"predecessor-version":[{"id":125879,"href":"https:\/\/www.brundisium.net\/index.php\/wp-json\/wp\/v2\/posts\/125873\/revisions\/125879"}],"wp:featuredmedia":[{"embeddable":true,"href":"https:\/\/www.brundisium.net\/index.php\/wp-json\/wp\/v2\/media\/14889"}],"wp:attachment":[{"href":"https:\/\/www.brundisium.net\/index.php\/wp-json\/wp\/v2\/media?parent=125873"}],"wp:term":[{"taxonomy":"category","embeddable":true,"href":"https:\/\/www.brundisium.net\/index.php\/wp-json\/wp\/v2\/categories?post=125873"},{"taxonomy":"post_tag","embeddable":true,"href":"https:\/\/www.brundisium.net\/index.php\/wp-json\/wp\/v2\/tags?post=125873"}],"curies":[{"name":"wp","href":"https:\/\/api.w.org\/{rel}","templated":true}]}}