{"id":125890,"date":"2018-02-21T17:02:48","date_gmt":"2018-02-21T16:02:48","guid":{"rendered":"http:\/\/www.brundisium.net\/?p=125890"},"modified":"2018-02-21T19:32:51","modified_gmt":"2018-02-21T18:32:51","slug":"santa-teresa-sindacati-i-lavoratori-non-possono-piu-accettare-la-lentezza-della-macchina-burocratica","status":"publish","type":"post","link":"https:\/\/www.brundisium.net\/index.php\/santa-teresa-sindacati-i-lavoratori-non-possono-piu-accettare-la-lentezza-della-macchina-burocratica\/","title":{"rendered":"Santa Teresa, Sindacati: &#8220;i lavoratori non possono pi\u00f9 accettare la lentezza della macchina burocratica&#8221;"},"content":{"rendered":"<p>Di seguito riportiamo integralmente una nota sottoscritta da CGIL, CISL e Uil ed inviata a Giuseppe Marchionna, A.U. della Soc. Santa Teresa e a Domenico Tanzarella, Presidente Amm. Provinciale.<\/p>\n<p>la vertenza Santa Teresa, la societ\u00e0 in house della Provincia, sembrava aver raggiunto un punto importante presso il tavolo della Regione Puglia con l\u2019accordo di cassa integrazione, grazie al lavoro sinergico del Presidente della societ\u00e0 Giuseppe Marchionna, al Presidente della Provincia Dott. Domenico Tanzarella, e la Task Force Regionale, il Presidente Leo Caroli e il dirigente Gianni Stasi con le OO.SS. si \u00e8 definito un percorso, incardinato nel tavolo prefettizio di Brindisi.<\/p>\n<p>In particolare il nuovo piano industriale della societ\u00e0 contiene elementi di rilancio della stessa come, ad esempio, \u201cconfigurarsi societ\u00e0 fornitrice, attraverso una convenzione, alla medesima Provincia attivit\u00e0 di progettazione europea con l\u2019eventuale partecipazione ad avvisi e bandi per l\u2019acquisizione di finanziamenti per attivit\u00e0 rientranti nelle competenze provinciali\u201d.<\/p>\n<p>Purtroppo l\u2019accordo ad oggi non \u00e8 pienamente concretizzato considerato che da 2 MESI, i lavoratori non ricevono alcun sostegno al reddito, compromettendo la sopravvivenza economica famigliare degli stessi lavoratori dipendenti ma anche la loro dignit\u00e0 in Paese in cui la Costituzione \u201c \u2026 riconosce a tutti i cittadini il diritto al lavoro e promuove le condizioni rendano effettivo questo diritto \u2026 rimuovere gli ostacoli di ordine economico e sociale che, limitando di fatto la libert\u00e0 e l\u2019eguaglianza dei cittadini, impediscono il pieno sviluppo della persona umana e l\u2019effettiva partecipazione di tutti i lavoratori all\u2019organizzazione politica, economica e sociale del Paese\u201d<\/p>\n<p>Non si pu\u00f2 pi\u00f9 attendere! che il Governo, il Ministero del Lavoro, la Regione Puglia, facciano la loro parte, i lavoratori sono esausti non si pu\u00f2 chiedere altri sacrifici. Ricordiamo che i lavoratori hanno assunto anche l\u2019impegno della riqualificazione per garantire meglio i servizi resi.<\/p>\n<p>Le scriventi CGIL \u2013 CISL e UIL chiedono alla stessa societ\u00e0 l\u2019anticipo della Cassa Integrazione come gi\u00e0 detto ieri nell\u2019assemblea. I LAVORATORI, non possono aspettare la lenta macchina burocratica.<\/p>\n<p>Inoltre per le attivit\u00e0 in essere chiediamo, alla Societ\u00e0, che non si faccia figlie e figliastri ma, che si attui la giusta rotazione tenendo presente le capacit\u00e0 e le competenze degli stessi lavoratori, con una informativa trasparente e condivisione con le RR.SS.AA..<\/p>\n<p>Per tutti gli argomenti sopra richiamati occorre un confronto immediato con Domenico Tanzarella (Provincia) e Giuseppe Marchionna (amministratore Soc. Santa Teresa) per traguardare anche un diritto di civilt\u00e0.<\/p>\n<p>Brindisi, 21\/02\/2018<\/p>\n<p>&nbsp;<\/p>\n<p>I Segretari Generali Territoriali e Categorie<br \/>\nCGIL CISL UIL<br \/>\nFirmato: A. MACCHIA A. BALDASSARRE A. LICCHELLO<\/p>\n<p>FILCAMS-CGIL FISASCAT-CISL UILTRASPORTI-UIL<br \/>\nA. Montagna L. Spinzi C. Greco<\/p>\n","protected":false},"excerpt":{"rendered":"<p>Di seguito riportiamo integralmente una nota sottoscritta da CGIL, CISL e Uil ed inviata a Giuseppe Marchionna, A.U. della Soc. Santa Teresa e a Domenico Tanzarella, Presidente Amm. Provinciale. la vertenza Santa Teresa, la societ\u00e0 in house della Provincia, sembrava aver raggiunto un punto importante presso il tavolo della Regione Puglia con l\u2019accordo di cassa integrazione, grazie al lavoro sinergico del Presidente della societ\u00e0 Giuseppe Marchionna, al Presidente della Provincia Dott. Domenico Tanzarella, e la Task Force Regionale, il Presidente Leo Caroli e il dirigente Gianni Stasi con le OO.SS. si \u00e8 definito un percorso, incardinato nel tavolo prefettizio di Brindisi. In particolare il nuovo piano industriale della societ\u00e0 contiene elementi di rilancio della stessa come, ad esempio, \u201cconfigurarsi societ\u00e0 fornitrice, attraverso una convenzione, alla medesima Provincia attivit\u00e0 di progettazione europea con l\u2019eventuale partecipazione ad avvisi e bandi per l\u2019acquisizione di finanziamenti per attivit\u00e0 rientranti nelle competenze provinciali\u201d. Purtroppo l\u2019accordo ad oggi non \u00e8 pienamente concretizzato considerato che da 2 MESI, i lavoratori non ricevono alcun sostegno al reddito, compromettendo&#8230;<\/p>\n","protected":false},"author":2,"featured_media":10672,"comment_status":"open","ping_status":"closed","sticky":false,"template":"","format":"standard","meta":{"footnotes":""},"categories":[7],"tags":[958],"class_list":["post-125890","post","type-post","status-publish","format-standard","has-post-thumbnail","hentry","category-news","tag-santa-teresa"],"_links":{"self":[{"href":"https:\/\/www.brundisium.net\/index.php\/wp-json\/wp\/v2\/posts\/125890","targetHints":{"allow":["GET"]}}],"collection":[{"href":"https:\/\/www.brundisium.net\/index.php\/wp-json\/wp\/v2\/posts"}],"about":[{"href":"https:\/\/www.brundisium.net\/index.php\/wp-json\/wp\/v2\/types\/post"}],"author":[{"embeddable":true,"href":"https:\/\/www.brundisium.net\/index.php\/wp-json\/wp\/v2\/users\/2"}],"replies":[{"embeddable":true,"href":"https:\/\/www.brundisium.net\/index.php\/wp-json\/wp\/v2\/comments?post=125890"}],"version-history":[{"count":1,"href":"https:\/\/www.brundisium.net\/index.php\/wp-json\/wp\/v2\/posts\/125890\/revisions"}],"predecessor-version":[{"id":125892,"href":"https:\/\/www.brundisium.net\/index.php\/wp-json\/wp\/v2\/posts\/125890\/revisions\/125892"}],"wp:featuredmedia":[{"embeddable":true,"href":"https:\/\/www.brundisium.net\/index.php\/wp-json\/wp\/v2\/media\/10672"}],"wp:attachment":[{"href":"https:\/\/www.brundisium.net\/index.php\/wp-json\/wp\/v2\/media?parent=125890"}],"wp:term":[{"taxonomy":"category","embeddable":true,"href":"https:\/\/www.brundisium.net\/index.php\/wp-json\/wp\/v2\/categories?post=125890"},{"taxonomy":"post_tag","embeddable":true,"href":"https:\/\/www.brundisium.net\/index.php\/wp-json\/wp\/v2\/tags?post=125890"}],"curies":[{"name":"wp","href":"https:\/\/api.w.org\/{rel}","templated":true}]}}