{"id":125917,"date":"2018-02-22T14:28:00","date_gmt":"2018-02-22T13:28:00","guid":{"rendered":"http:\/\/www.brundisium.net\/?p=125917"},"modified":"2018-02-22T14:28:00","modified_gmt":"2018-02-22T13:28:00","slug":"a-brindisi-la-presentazione-de-la-svolta-il-diario-fotografico-della-campagna-elettorale-leccese-di-carlo-salvemini-realizzato-da-claudia-de-blasi-e-adolfo-maffei","status":"publish","type":"post","link":"https:\/\/www.brundisium.net\/index.php\/a-brindisi-la-presentazione-de-la-svolta-il-diario-fotografico-della-campagna-elettorale-leccese-di-carlo-salvemini-realizzato-da-claudia-de-blasi-e-adolfo-maffei\/","title":{"rendered":"A Brindisi la presentazione de \u201cLa Svolta\u201d, il diario fotografico della campagna elettorale leccese di Carlo Salvemini realizzato da Claudia De Blasi e Adolfo Maffei"},"content":{"rendered":"<p>Ci sar\u00e0 anche il Sindaco di Lecce Carlo Salvemini, luned\u00ec 26 febbraio alle 17.30, presso Palazzo Granafei Nervegna (Via Duomo) alla presentazione del libro \u201cLa Svolta\u201d, il reportage che ripercorre attraverso le immagini e i testi di Claudia De Blasi uno dei capitoli pi\u00f9 sorprendenti e significativi per la citt\u00e0 di Lecce.<\/p>\n<p>&nbsp;<\/p>\n<p>Introdurr\u00e0 Raffaella Argentieri, dirigente nazionale della Scuola di Formazione intitolata al Giudice Caponnetto e moderer\u00e0 l\u2019evento l\u2019avvocato Roberto Fusco. Allegato al volume, \u201cLa Sfida\u201d: un lungo dialogo tra il vicesindaco di Lecce Alessandro Delli Noci e il giornalista brindisino Adolfo Maffei.<\/p>\n<p>&nbsp;<\/p>\n<p>Il libro, edito da IdeaDinamica Editore, racconta i mesi della campagna elettorale di Carlo Salvemini, ora sindaco della citt\u00e0, e le storie parallele di tutti coloro che lo hanno seguito e sostenuto nell\u2019impresa di costruire una proposta politica diversa nella citt\u00e0 di Lecce. L\u2019introduzione del giornalista Gabriele De Giorgi e le prefazioni di Dario Stef\u00e0no e Giuseppe Fornari, entrambi sostenitori della prima ora della candidatura di Salvemini, arricchiscono il reportage di analisi e retroscena.<\/p>\n<p>&nbsp;<\/p>\n<p>Un dialogo vivo tra il giornalista Maffei e Delli Noci chiarisce punti inediti di una campagna elettorale appassionante e i retroscena delle proposte di candidature.<\/p>\n<p>&nbsp;<\/p>\n<p>L\u2019occasione per i brindisini che interverranno sar\u00e0 perfetta per ascoltare Carlo Salvemini, che ha impresso una svolta importante nella citt\u00e0 di Lecce.<\/p>\n<p>&nbsp;<\/p>\n<p>Fb: @lasvoltalecce<\/p>\n<p>Twitter: @LaSvoltaLecce<\/p>\n<p>&nbsp;<\/p>\n","protected":false},"excerpt":{"rendered":"<p>Ci sar\u00e0 anche il Sindaco di Lecce Carlo Salvemini, luned\u00ec 26 febbraio alle 17.30, presso Palazzo Granafei Nervegna (Via Duomo) alla presentazione del libro \u201cLa Svolta\u201d, il reportage che ripercorre attraverso le immagini e i testi di Claudia De Blasi uno dei capitoli pi\u00f9 sorprendenti e significativi per la citt\u00e0 di Lecce. &nbsp; Introdurr\u00e0 Raffaella Argentieri, dirigente nazionale della Scuola di Formazione intitolata al Giudice Caponnetto e moderer\u00e0 l\u2019evento l\u2019avvocato Roberto Fusco. Allegato al volume, \u201cLa Sfida\u201d: un lungo dialogo tra il vicesindaco di Lecce Alessandro Delli Noci e il giornalista brindisino Adolfo Maffei. &nbsp; Il libro, edito da IdeaDinamica Editore, racconta i mesi della campagna elettorale di Carlo Salvemini, ora sindaco della citt\u00e0, e le storie parallele di tutti coloro che lo hanno seguito e sostenuto nell\u2019impresa di costruire una proposta politica diversa nella citt\u00e0 di Lecce. L\u2019introduzione del giornalista Gabriele De Giorgi e le prefazioni di Dario Stef\u00e0no e Giuseppe Fornari, entrambi sostenitori della prima ora della candidatura di Salvemini, arricchiscono il reportage di analisi e retroscena. &nbsp;&#8230;<\/p>\n","protected":false},"author":2,"featured_media":125966,"comment_status":"open","ping_status":"closed","sticky":false,"template":"","format":"standard","meta":{"footnotes":""},"categories":[224,7],"tags":[5638,3546],"class_list":["post-125917","post","type-post","status-publish","format-standard","has-post-thumbnail","hentry","category-libri","category-news","tag-carlo-salvemini","tag-scuola-caponnetto"],"_links":{"self":[{"href":"https:\/\/www.brundisium.net\/index.php\/wp-json\/wp\/v2\/posts\/125917","targetHints":{"allow":["GET"]}}],"collection":[{"href":"https:\/\/www.brundisium.net\/index.php\/wp-json\/wp\/v2\/posts"}],"about":[{"href":"https:\/\/www.brundisium.net\/index.php\/wp-json\/wp\/v2\/types\/post"}],"author":[{"embeddable":true,"href":"https:\/\/www.brundisium.net\/index.php\/wp-json\/wp\/v2\/users\/2"}],"replies":[{"embeddable":true,"href":"https:\/\/www.brundisium.net\/index.php\/wp-json\/wp\/v2\/comments?post=125917"}],"version-history":[{"count":1,"href":"https:\/\/www.brundisium.net\/index.php\/wp-json\/wp\/v2\/posts\/125917\/revisions"}],"predecessor-version":[{"id":125967,"href":"https:\/\/www.brundisium.net\/index.php\/wp-json\/wp\/v2\/posts\/125917\/revisions\/125967"}],"wp:featuredmedia":[{"embeddable":true,"href":"https:\/\/www.brundisium.net\/index.php\/wp-json\/wp\/v2\/media\/125966"}],"wp:attachment":[{"href":"https:\/\/www.brundisium.net\/index.php\/wp-json\/wp\/v2\/media?parent=125917"}],"wp:term":[{"taxonomy":"category","embeddable":true,"href":"https:\/\/www.brundisium.net\/index.php\/wp-json\/wp\/v2\/categories?post=125917"},{"taxonomy":"post_tag","embeddable":true,"href":"https:\/\/www.brundisium.net\/index.php\/wp-json\/wp\/v2\/tags?post=125917"}],"curies":[{"name":"wp","href":"https:\/\/api.w.org\/{rel}","templated":true}]}}