{"id":125928,"date":"2018-02-22T12:20:45","date_gmt":"2018-02-22T11:20:45","guid":{"rendered":"http:\/\/www.brundisium.net\/?p=125928"},"modified":"2018-02-22T12:22:20","modified_gmt":"2018-02-22T11:22:20","slug":"alfredo-dario-il-guerriero-del-parquet-quando-leta-non-conta","status":"publish","type":"post","link":"https:\/\/www.brundisium.net\/index.php\/alfredo-dario-il-guerriero-del-parquet-quando-leta-non-conta\/","title":{"rendered":"Alfredo Dario, il guerriero del parquet: quando l&#8217;et\u00e0 non conta!"},"content":{"rendered":"<p>Quando l\u2019et\u00e0 non conta\u2026\u2026vedendo in campo Alfredo Dario, classe 1970 si potrebbe pensare che a volte quanto scritto sulla carta d\u2019identit\u00e0 non sia vero. Il capitano della Dinamo Basket Brindisi che a breve parteciper\u00e0 alla poule promozione per la serie C, gioca ancora con la stessa passione e voglia di quando era un ragazzino. Nella sua \u201cinfinita\u201d carriera ha calcato parquet importanti avendo giocato con la maglia di Brindisi in B1 e in B2. Sempre in B2 ha giocato con Mesagne e poi ha vestito le casacche in C1 di Martina Franca, Ostuni etc\u2026\u2026<\/p>\n<p>&nbsp;<\/p>\n<p>Nel 2015, dopo 2 anni in cui \u201cpensava\u201d di aver appeso le scarpette al chiodo, ecco che un amico lo chiama per venire a divertirsi in una societ\u00e0 appena nata di prima Divisione. \u201cAlberto De Donno \u2013 racconta Alfredo \u2013 mi chiam\u00f2 dicendomi che c\u2019era la neonata Dinamo Brindisi che si voleva iscrivere al campionato di prima divisione e mi chiese di rimettermi a giocare. Chiesi loro solamente di essere in tanti agli allenamenti perch\u00e9 non avevo voglia di fare le cose giusto per farle. Ho sempre dato il massimo quando giocavo, indipendentemente dalla categoria\u201d.<\/p>\n<p>&nbsp;<\/p>\n<p>E con la Dinamo Brindisi arriva subito il successo del campionato di prima Divisione. L\u2019anno successivo, Alfredo, fa parte nuovamente della squadra che, dopo un campionato straordinario, vince il secondo campionato consecutivo arrivando a disputare la serie D.<\/p>\n<p>\u201cE\u2019 stato bello, lo scorso anno, vincere nuovamente il campionato con questa societ\u00e0 che, nel frattempo, si \u00e8 strutturata molto bene. Un gruppo eccezionale dentro e fuori dal campo che ha fatto la differenza nei momenti topici del campionato\u201d.<\/p>\n<p>&nbsp;<\/p>\n<p>Quest\u2019anno la serie D, con quasi 9 punti di media, un high di 18 punti e ben 15 rimbalzi contro la Mens Sana Mesagne 2 settimane fa.<\/p>\n<p>&nbsp;<\/p>\n<p>\u201cCoach Santini mi ha chiamato questa estate dicendomi che potevo provare a dare il mio contributo anche in serie D. Dopo un inizio difficile ci siamo tutti ritrovati e abbiamo inanellato 8 vittorie di fila nel girone di ritorno che sono valsi i play off promozione\u201d.<\/p>\n<p>&nbsp;<\/p>\n<p>Ma da dove nasce tutta voglia ed energia?<br \/>\n\u201cQuando gioco a basket mi diverto, \u2013 continua il capitano della Dinamo &#8211; non ho mai saltato nessun allenamento (sgrat,sgrat) neppure quest\u2019anno e, anche in questa stagione, si \u00e8 formato un gruppo davvero buono e coeso\u201d.<br \/>\nA breve inizieranno i play off, per i tanti giovani della squadra un\u2019esperienza nuova e formativa e chiss\u00e0\u2026.<br \/>\n\u201cNon conosco bene le formazioni che andremo a incontrare \u2013 conclude Dario \u2013 anche se mi dicono che sono molto forti e competitive (Invicta Br, S. Rita Taranto, VirtusMolfetta , Fortitudo Trani , Pallacanestro Molfetta). Posso per\u00f2 dire che dovremo stare sempre attenti e concentrati e guardando anche alla eventuale differenza canestri. Dopo la vittoria di dicembre contro il Basket Calimera ci siamo ritrovati e stiamo giocando davvero bene. I nostri giovani? Hanno una grande fortuna perch\u00e9 Gigi Santini fa giocare sempre quelli che meritano il campo senza mai guardare l\u2019et\u00e0. Un\u2019occasione da prendere al volo!!!\u201d.<\/p>\n<p>&nbsp;<\/p>\n<p>Chiss\u00e0 se Alfredo Dario, contribuir\u00e0 a regalarsi, nei prossimi play off, un altro strepitoso successo a se stesso e ai suoi compagni. Di certo il suo entusiasmo, la sua leadership e la sua grinta sono contagiose all\u2019interno del gruppo, indipendentemente dal suo indiscutibile valore come atleta. Un esempio di come va vissuto lo sport in generale, con tanto duro lavoro in palestra ma ricordandosi sempre di divertirsi. E un po\u2019 meno si divertono i suoi avversari sotto le plance quando devono \u201cscontrarsi\u201d con i suoi gomiti. E i tifosi questi lo notano e lo apprezzano, a partire dagli amatissimi figli Niccol\u00f2 e Mauro, fans sfegatati per un pap\u00e0 che si pu\u00f2 solamente amare!!!<\/p>\n<p>&nbsp;<\/p>\n<p>&nbsp;<\/p>\n<p><em><strong>Ufficio stampa Dinamo Basket Brindisi<\/strong><\/em><\/p>\n","protected":false},"excerpt":{"rendered":"<p>Quando l\u2019et\u00e0 non conta\u2026\u2026vedendo in campo Alfredo Dario, classe 1970 si potrebbe pensare che a volte quanto scritto sulla carta d\u2019identit\u00e0 non sia vero. Il capitano della Dinamo Basket Brindisi che a breve parteciper\u00e0 alla poule promozione per la serie C, gioca ancora con la stessa passione e voglia di quando era un ragazzino. Nella sua \u201cinfinita\u201d carriera ha calcato parquet importanti avendo giocato con la maglia di Brindisi in B1 e in B2. Sempre in B2 ha giocato con Mesagne e poi ha vestito le casacche in C1 di Martina Franca, Ostuni etc\u2026\u2026 &nbsp; Nel 2015, dopo 2 anni in cui \u201cpensava\u201d di aver appeso le scarpette al chiodo, ecco che un amico lo chiama per venire a divertirsi in una societ\u00e0 appena nata di prima Divisione. \u201cAlberto De Donno \u2013 racconta Alfredo \u2013 mi chiam\u00f2 dicendomi che c\u2019era la neonata Dinamo Brindisi che si voleva iscrivere al campionato di prima divisione e mi chiese di rimettermi a giocare. Chiesi loro solamente di essere in tanti agli allenamenti perch\u00e9&#8230;<\/p>\n","protected":false},"author":2,"featured_media":125930,"comment_status":"open","ping_status":"closed","sticky":false,"template":"","format":"standard","meta":{"footnotes":""},"categories":[13],"tags":[3218],"class_list":["post-125928","post","type-post","status-publish","format-standard","has-post-thumbnail","hentry","category-basket","tag-dinamo-brindisi"],"_links":{"self":[{"href":"https:\/\/www.brundisium.net\/index.php\/wp-json\/wp\/v2\/posts\/125928","targetHints":{"allow":["GET"]}}],"collection":[{"href":"https:\/\/www.brundisium.net\/index.php\/wp-json\/wp\/v2\/posts"}],"about":[{"href":"https:\/\/www.brundisium.net\/index.php\/wp-json\/wp\/v2\/types\/post"}],"author":[{"embeddable":true,"href":"https:\/\/www.brundisium.net\/index.php\/wp-json\/wp\/v2\/users\/2"}],"replies":[{"embeddable":true,"href":"https:\/\/www.brundisium.net\/index.php\/wp-json\/wp\/v2\/comments?post=125928"}],"version-history":[{"count":1,"href":"https:\/\/www.brundisium.net\/index.php\/wp-json\/wp\/v2\/posts\/125928\/revisions"}],"predecessor-version":[{"id":125932,"href":"https:\/\/www.brundisium.net\/index.php\/wp-json\/wp\/v2\/posts\/125928\/revisions\/125932"}],"wp:featuredmedia":[{"embeddable":true,"href":"https:\/\/www.brundisium.net\/index.php\/wp-json\/wp\/v2\/media\/125930"}],"wp:attachment":[{"href":"https:\/\/www.brundisium.net\/index.php\/wp-json\/wp\/v2\/media?parent=125928"}],"wp:term":[{"taxonomy":"category","embeddable":true,"href":"https:\/\/www.brundisium.net\/index.php\/wp-json\/wp\/v2\/categories?post=125928"},{"taxonomy":"post_tag","embeddable":true,"href":"https:\/\/www.brundisium.net\/index.php\/wp-json\/wp\/v2\/tags?post=125928"}],"curies":[{"name":"wp","href":"https:\/\/api.w.org\/{rel}","templated":true}]}}