{"id":126284,"date":"2018-02-27T11:19:03","date_gmt":"2018-02-27T10:19:03","guid":{"rendered":"http:\/\/www.brundisium.net\/?p=126284"},"modified":"2018-02-27T11:48:54","modified_gmt":"2018-02-27T10:48:54","slug":"una-cena-speciale-dellordine-degli-architetti-presso-la-coop-eridano","status":"publish","type":"post","link":"https:\/\/www.brundisium.net\/index.php\/una-cena-speciale-dellordine-degli-architetti-presso-la-coop-eridano\/","title":{"rendered":"Una cena speciale dell&#8217;ordine degli Architetti presso la Coop Eridano"},"content":{"rendered":"<p>L&#8217;Ordine degli Architetti PPC della Provincia di Brindisi e la Cooperativa Sociale Onlus ERIDANO, al fine di sensibilizzare ancor di pi\u00f9 gli architetti rispetto ai temi della disabilit\u00e0 e del superamento delle barriere architettoniche, hanno organizzato per il prossimo venerd\u00ec 2 marzo, presso Movimenti Laboratorio Urbano di Brindisi, una \u201ccena speciale\u201d, nella quale gli invitati, immedesimandosi nella condizione dei non vedenti, siederanno al tavolo bendati e serviti dai ragazzi ospiti della comunit\u00e0 \u201cEridano Dopo di Noi\u201d e volontari dell&#8217;Auser, associazione per l&#8217;invecchiamento attivo, che ha subito condiviso modalit\u00e0 e finalit\u00e0 dell&#8217;evento e che conduce da tempo sul territorio nazionale una campagna su temi analoghi.<\/p>\n<p>&nbsp;<\/p>\n<p>Obiettivo della singolare esperienza \u00e8 quello di suscitare, in chi quotidianamente \u00e8 preposto alla progettazione di spazi e ambienti della quotidianit\u00e0, la consapevolezza che la fruibilit\u00e0 degli spazi e l&#8217;eliminazione delle barriere non rappresentano solo un&#8217;attenzione dovuta alla persona con disabilit\u00e0, ma anche un\u2019elevazione del livello delle relazioni e del benessere sociale di tutti, oltre che della qualit\u00e0 urbana. L&#8217;evento ha lo scopo di creare un&#8217;inversione di prospettiva che restituisce centralit\u00e0 nella necessit\u00e0 che ognuno possa comunicare con il mondo esterno oltre il buio e i limiti sensoriali, rendendolo consapevole delle quotidiane difficolt\u00e0 affrontate da chi \u00e8 affetto da qualunque forma di disabilit\u00e0.<\/p>\n<p>&nbsp;<\/p>\n<p>Per promuovere adeguatamente tale iniziativa ed approfondirne i temi, gli enti organizzatori hanno convocato, per il prossimo gioved\u00ec 1 marzo alle ore 10,30 a Palazzo Nervegna, una conferenza stampa alla quale interverranno, oltre ai rispettivi rappresentanti, il dott. Giuseppe Trieste, Presidente Nazionale di Fiaba Onlus, organizzazione senza scopo di lucro che ha come obiettivo quello di promuovere l\u2019eliminazione di tutte le barriere fisiche, culturali, psicologiche e sensoriali per la diffusione della cultura delle pari opportunit\u00e0 a favore di un ambiente ad accessibilit\u00e0 e fruibilit\u00e0 totali; il dott. Marco Di Luccio, Presidenza Nazionale AUSER; l&#8217;avv. Angelo Massaro della Fondazione Slow Food Alto Salento, che &#8211; nelle more del proprio lavoro per tutelare la biodiversit\u00e0, costruire relazioni tra produttori e consumatori, migliorare la consapevolezza sul sistema che regola la produzione alimentare &#8211; ha ritenuto di offrire la propria collaborazione in termini di contenuti, oltre che della qualit\u00e0 dei prodotti che saranno \u201cportati a tavola\u201d in occasione della \u201ccena speciale\u201d.<\/p>\n<p>&nbsp;<\/p>\n<p>Con la conferenza stampa e con l\u2019iniziativa del 2 marzo gli organizzatori intendono avviare un percorso di sensibilizzazione dei cittadini, delle istituzioni e dei mezzi di informazione rispetto al tema della disabilit\u00e0 e del superamento delle barriere architettoniche, mettendosi a disposizione affinch\u00e8 ognuno di noi possa \u201cvedere\u201d di pi\u00f9.<\/p>\n","protected":false},"excerpt":{"rendered":"<p>L&#8217;Ordine degli Architetti PPC della Provincia di Brindisi e la Cooperativa Sociale Onlus ERIDANO, al fine di sensibilizzare ancor di pi\u00f9 gli architetti rispetto ai temi della disabilit\u00e0 e del superamento delle barriere architettoniche, hanno organizzato per il prossimo venerd\u00ec 2 marzo, presso Movimenti Laboratorio Urbano di Brindisi, una \u201ccena speciale\u201d, nella quale gli invitati, immedesimandosi nella condizione dei non vedenti, siederanno al tavolo bendati e serviti dai ragazzi ospiti della comunit\u00e0 \u201cEridano Dopo di Noi\u201d e volontari dell&#8217;Auser, associazione per l&#8217;invecchiamento attivo, che ha subito condiviso modalit\u00e0 e finalit\u00e0 dell&#8217;evento e che conduce da tempo sul territorio nazionale una campagna su temi analoghi. &nbsp; Obiettivo della singolare esperienza \u00e8 quello di suscitare, in chi quotidianamente \u00e8 preposto alla progettazione di spazi e ambienti della quotidianit\u00e0, la consapevolezza che la fruibilit\u00e0 degli spazi e l&#8217;eliminazione delle barriere non rappresentano solo un&#8217;attenzione dovuta alla persona con disabilit\u00e0, ma anche un\u2019elevazione del livello delle relazioni e del benessere sociale di tutti, oltre che della qualit\u00e0 urbana. L&#8217;evento ha lo scopo di creare&#8230;<\/p>\n","protected":false},"author":2,"featured_media":126285,"comment_status":"open","ping_status":"closed","sticky":false,"template":"","format":"standard","meta":{"footnotes":""},"categories":[7],"tags":[1034],"class_list":["post-126284","post","type-post","status-publish","format-standard","has-post-thumbnail","hentry","category-news","tag-ordine-architetti"],"_links":{"self":[{"href":"https:\/\/www.brundisium.net\/index.php\/wp-json\/wp\/v2\/posts\/126284","targetHints":{"allow":["GET"]}}],"collection":[{"href":"https:\/\/www.brundisium.net\/index.php\/wp-json\/wp\/v2\/posts"}],"about":[{"href":"https:\/\/www.brundisium.net\/index.php\/wp-json\/wp\/v2\/types\/post"}],"author":[{"embeddable":true,"href":"https:\/\/www.brundisium.net\/index.php\/wp-json\/wp\/v2\/users\/2"}],"replies":[{"embeddable":true,"href":"https:\/\/www.brundisium.net\/index.php\/wp-json\/wp\/v2\/comments?post=126284"}],"version-history":[{"count":1,"href":"https:\/\/www.brundisium.net\/index.php\/wp-json\/wp\/v2\/posts\/126284\/revisions"}],"predecessor-version":[{"id":126286,"href":"https:\/\/www.brundisium.net\/index.php\/wp-json\/wp\/v2\/posts\/126284\/revisions\/126286"}],"wp:featuredmedia":[{"embeddable":true,"href":"https:\/\/www.brundisium.net\/index.php\/wp-json\/wp\/v2\/media\/126285"}],"wp:attachment":[{"href":"https:\/\/www.brundisium.net\/index.php\/wp-json\/wp\/v2\/media?parent=126284"}],"wp:term":[{"taxonomy":"category","embeddable":true,"href":"https:\/\/www.brundisium.net\/index.php\/wp-json\/wp\/v2\/categories?post=126284"},{"taxonomy":"post_tag","embeddable":true,"href":"https:\/\/www.brundisium.net\/index.php\/wp-json\/wp\/v2\/tags?post=126284"}],"curies":[{"name":"wp","href":"https:\/\/api.w.org\/{rel}","templated":true}]}}