{"id":126514,"date":"2018-03-01T17:50:15","date_gmt":"2018-03-01T16:50:15","guid":{"rendered":"http:\/\/www.brundisium.net\/?p=126514"},"modified":"2018-03-01T18:01:29","modified_gmt":"2018-03-01T17:01:29","slug":"farmacia-comunale-adoc-chiede-di-ripristinare-il-vecchio-orario-di-apertura","status":"publish","type":"post","link":"https:\/\/www.brundisium.net\/index.php\/farmacia-comunale-adoc-chiede-di-ripristinare-il-vecchio-orario-di-apertura\/","title":{"rendered":"Farmacia Comunale: Adoc chiede di ripristinare il vecchio orario di apertura"},"content":{"rendered":"<p>Giungono sempre pi\u00f9 numerose le segnalazioni da parte dei cittadini alle prese con i nuovi orari di apertura della Farmacia comunale di Brindisi, sita in Via Grazia Balsamo, che risultano molto pi\u00f9 limitativi rispetto al passato.<\/p>\n<p>&nbsp;<\/p>\n<p>Nonostante la nomina di un nuovo amministratore ed il bando per l\u2019assunzione di 4 collaboratori (due full time e due part time), i servizi sono stati ridotti rispetto al recente passato per ragioni di carattere organizzativo.<\/p>\n<p>&nbsp;<\/p>\n<p>In effetti, mentre prima dell\u2019entrata in vigore del nuovo orario la farmacia era aperta in orario continuativo dalle 08.30 alle 21.00 tutti i giorni con esclusione della Domenica (in cui l\u2019apertura era garantita dalle 08.30 alle 13.00), attualmente l\u2019apertura \u00e8 interrotta dalle ore 13.00 alle 16.00 con chiusura alle 20.30 dal luned\u00ec al venerd\u00ec, mentre la domenica \u00e8 giorno di chiusura.<\/p>\n<p>&nbsp;<\/p>\n<p>Non vorremmo che tali nuove disposizioni siano il frutto degli ultimi accadimenti di cronaca che hanno visto coinvolta la farmacia comunale presa di mira da rapinatori.<\/p>\n<p>Ed invero, tale nuova fascia oraria sembrerebbe essere entrata in vigore dopo la chiusura per rapina.<\/p>\n<p>Se cos\u00ec fosse, sarebbe un fatto grave in quanto i cittadini non possono pagare doppiamente i danni causati dalla criminalit\u00e0 crescente.<\/p>\n<p>&nbsp;<\/p>\n<p>La pubblica amministrazione ha il dovere di garantire i servizi ai cittadini adottando le misure di sicurezza che garantiscano all\u2019occorrenza anche i dipendenti.<\/p>\n<p>&nbsp;<\/p>\n<p>Per quanto sopra, chiediamo alla gestione commissariale un intervento al fine di ripristinare, ed eventualmente ampliare, l\u2019offerta della farmacia comunale divenuta punto di riferimento non solo commerciale ma anche sociale per la comunit\u00e0.<\/p>\n<p>&nbsp;<\/p>\n<p><strong> ADOC Provinciale di Brindisi<\/strong><\/p>\n","protected":false},"excerpt":{"rendered":"<p>Giungono sempre pi\u00f9 numerose le segnalazioni da parte dei cittadini alle prese con i nuovi orari di apertura della Farmacia comunale di Brindisi, sita in Via Grazia Balsamo, che risultano molto pi\u00f9 limitativi rispetto al passato. &nbsp; Nonostante la nomina di un nuovo amministratore ed il bando per l\u2019assunzione di 4 collaboratori (due full time e due part time), i servizi sono stati ridotti rispetto al recente passato per ragioni di carattere organizzativo. &nbsp; In effetti, mentre prima dell\u2019entrata in vigore del nuovo orario la farmacia era aperta in orario continuativo dalle 08.30 alle 21.00 tutti i giorni con esclusione della Domenica (in cui l\u2019apertura era garantita dalle 08.30 alle 13.00), attualmente l\u2019apertura \u00e8 interrotta dalle ore 13.00 alle 16.00 con chiusura alle 20.30 dal luned\u00ec al venerd\u00ec, mentre la domenica \u00e8 giorno di chiusura. &nbsp; Non vorremmo che tali nuove disposizioni siano il frutto degli ultimi accadimenti di cronaca che hanno visto coinvolta la farmacia comunale presa di mira da rapinatori. Ed invero, tale nuova fascia oraria sembrerebbe essere&#8230;<\/p>\n","protected":false},"author":2,"featured_media":44640,"comment_status":"open","ping_status":"closed","sticky":false,"template":"","format":"standard","meta":{"footnotes":""},"categories":[7],"tags":[516,5666],"class_list":["post-126514","post","type-post","status-publish","format-standard","has-post-thumbnail","hentry","category-news","tag-adoc","tag-farmacia-comunale"],"_links":{"self":[{"href":"https:\/\/www.brundisium.net\/index.php\/wp-json\/wp\/v2\/posts\/126514","targetHints":{"allow":["GET"]}}],"collection":[{"href":"https:\/\/www.brundisium.net\/index.php\/wp-json\/wp\/v2\/posts"}],"about":[{"href":"https:\/\/www.brundisium.net\/index.php\/wp-json\/wp\/v2\/types\/post"}],"author":[{"embeddable":true,"href":"https:\/\/www.brundisium.net\/index.php\/wp-json\/wp\/v2\/users\/2"}],"replies":[{"embeddable":true,"href":"https:\/\/www.brundisium.net\/index.php\/wp-json\/wp\/v2\/comments?post=126514"}],"version-history":[{"count":1,"href":"https:\/\/www.brundisium.net\/index.php\/wp-json\/wp\/v2\/posts\/126514\/revisions"}],"predecessor-version":[{"id":126515,"href":"https:\/\/www.brundisium.net\/index.php\/wp-json\/wp\/v2\/posts\/126514\/revisions\/126515"}],"wp:featuredmedia":[{"embeddable":true,"href":"https:\/\/www.brundisium.net\/index.php\/wp-json\/wp\/v2\/media\/44640"}],"wp:attachment":[{"href":"https:\/\/www.brundisium.net\/index.php\/wp-json\/wp\/v2\/media?parent=126514"}],"wp:term":[{"taxonomy":"category","embeddable":true,"href":"https:\/\/www.brundisium.net\/index.php\/wp-json\/wp\/v2\/categories?post=126514"},{"taxonomy":"post_tag","embeddable":true,"href":"https:\/\/www.brundisium.net\/index.php\/wp-json\/wp\/v2\/tags?post=126514"}],"curies":[{"name":"wp","href":"https:\/\/api.w.org\/{rel}","templated":true}]}}