{"id":126947,"date":"2018-03-06T14:42:36","date_gmt":"2018-03-06T13:42:36","guid":{"rendered":"http:\/\/www.brundisium.net\/?p=126947"},"modified":"2018-03-06T21:49:56","modified_gmt":"2018-03-06T20:49:56","slug":"mediterraneo-il-mare-del-dialogo-migranti-la-sfida-dellaccoglienza-ad-ostuni-lxi-convegno-meic","status":"publish","type":"post","link":"https:\/\/www.brundisium.net\/index.php\/mediterraneo-il-mare-del-dialogo-migranti-la-sfida-dellaccoglienza-ad-ostuni-lxi-convegno-meic\/","title":{"rendered":"\u201cMediterraneo, il mare del dialogo. Migranti, la sfida dell\u2019accoglienza: ad Ostuni l&#8217;XI Convegno MEIC"},"content":{"rendered":"<p><a href=\"http:\/\/www.brundisium.net\/brun\/wp-content\/uploads\/2018\/03\/locandina-10-11.03.jpg\"><img loading=\"lazy\" decoding=\"async\" class=\"alignleft size-medium wp-image-126953\" src=\"http:\/\/www.brundisium.net\/brun\/wp-content\/uploads\/2018\/03\/locandina-10-11.03-212x300.jpg\" alt=\"\" width=\"212\" height=\"300\" srcset=\"https:\/\/www.brundisium.net\/brun\/wp-content\/uploads\/2018\/03\/locandina-10-11.03-212x300.jpg 212w, https:\/\/www.brundisium.net\/brun\/wp-content\/uploads\/2018\/03\/locandina-10-11.03-768x1086.jpg 768w, https:\/\/www.brundisium.net\/brun\/wp-content\/uploads\/2018\/03\/locandina-10-11.03-724x1024.jpg 724w, https:\/\/www.brundisium.net\/brun\/wp-content\/uploads\/2018\/03\/locandina-10-11.03.jpg 1754w\" sizes=\"auto, (max-width: 212px) 100vw, 212px\" \/><\/a>Con cadenza biennale intellettuali cattolici e di area laica si incontrano nella nostra Ostuni, riuniti dal Movimento Ecclesiale di Impegno Culturale (M.E.I.C.), per discutere e confrontarsi su problematiche legate alla globalizzazione, nell\u2019intento di individuare una linea comune di azione per realizzare una societ\u00e0 pi\u00f9 equa e solidale e per cercare di rispettare, il pi\u00f9 possibile, i cosiddetti \u201cvalori non negoziabili\u201d legati alla persona.<\/p>\n<p>&nbsp;<\/p>\n<p>&nbsp;<\/p>\n<p>L\u2019XI convegno MEIC di Ostuni dal titolo \u201cMediterraneo, il mare del dialogo. Migranti, la sfida dell\u2019accoglienza\u201d si terr\u00e0 nei giorni 10-11 marzo nell\u2019Auditorium \u201cG. Semerano\u201d della Biblioteca comunale di Ostuni.<br \/>\nQuesta nuova edizione sar\u00e0 l\u2019occasione per approfondire gli aspetti del fenomeno migratorio di dimensioni epocali che sta coinvolgendo e interrogando il nostro territorio e l\u2019intera Europa. In controtendenza con i sempre pi\u00f9 frequenti episodi di intolleranza, il M.E.I.C. con si propone di riflettere, al di l\u00e0 degli slogan e delle semplificazioni, sulle strategie di accoglienza partendo dai modelli positivi gi\u00e0 implementati in alcune regioni meridionali. Accanto alle riflessioni e agli approfondimenti degli aspetti sociologici, giuridici, teologici e antropologici dell\u2019accoglienza verranno presentate le esperienze di tanti operatori del settore che operano giorno per giorno nell\u2019ombra, favorendo l\u2019integrazione e costruendo un mondo migliore.<\/p>\n<p>&nbsp;<\/p>\n<p>&nbsp;<\/p>\n<p>L&#8217;evento verr\u00e0 realizzato con il patrocinio della Regione Puglia, del Comune di Ostuni, dell&#8217;Arcidiocesi Brindisi-Ostuni e di Azione Cattolica ed in collaborazione con molte altre realt\u00e0 del territorio (Le Confraternite della Vicaria di Ostuni; Centro di Cultura D. Cirignola; U.C.I.I.M.; A.I.M.C.; Amici della Biblioteca Diocesana \u201cR. Ferrigno\u201d; Amici di Ostuni; Villaggio S.O.S. Ostuni; Associazione Migrantes; A.I.F.O.; Lo Scudo; Il Monte del Carmelo; Citt\u00e0 Viva; Caritas; Forum della Societ\u00e0 Civile; Agire Politicamente; Rotary Club \u201cOstuni-Valle d\u2019Itria-Rosamarina\u201d).<br \/>\nLa partecipazione \u00e8 libera e gratuita ed il M.I.U.R. ha concesso l&#8217;esonero dal servizio per il Personale Ispettivo,<\/p>\n","protected":false},"excerpt":{"rendered":"<p>Con cadenza biennale intellettuali cattolici e di area laica si incontrano nella nostra Ostuni, riuniti dal Movimento Ecclesiale di Impegno Culturale (M.E.I.C.), per discutere e confrontarsi su problematiche legate alla globalizzazione, nell\u2019intento di individuare una linea comune di azione per realizzare una societ\u00e0 pi\u00f9 equa e solidale e per cercare di rispettare, il pi\u00f9 possibile, i cosiddetti \u201cvalori non negoziabili\u201d legati alla persona. &nbsp; &nbsp; L\u2019XI convegno MEIC di Ostuni dal titolo \u201cMediterraneo, il mare del dialogo. Migranti, la sfida dell\u2019accoglienza\u201d si terr\u00e0 nei giorni 10-11 marzo nell\u2019Auditorium \u201cG. Semerano\u201d della Biblioteca comunale di Ostuni. Questa nuova edizione sar\u00e0 l\u2019occasione per approfondire gli aspetti del fenomeno migratorio di dimensioni epocali che sta coinvolgendo e interrogando il nostro territorio e l\u2019intera Europa. In controtendenza con i sempre pi\u00f9 frequenti episodi di intolleranza, il M.E.I.C. con si propone di riflettere, al di l\u00e0 degli slogan e delle semplificazioni, sulle strategie di accoglienza partendo dai modelli positivi gi\u00e0 implementati in alcune regioni meridionali. Accanto alle riflessioni e agli approfondimenti degli aspetti sociologici, giuridici,&#8230;<\/p>\n","protected":false},"author":2,"featured_media":126953,"comment_status":"open","ping_status":"closed","sticky":false,"template":"","format":"standard","meta":{"footnotes":""},"categories":[7],"tags":[3581],"class_list":["post-126947","post","type-post","status-publish","format-standard","has-post-thumbnail","hentry","category-news","tag-meic"],"_links":{"self":[{"href":"https:\/\/www.brundisium.net\/index.php\/wp-json\/wp\/v2\/posts\/126947","targetHints":{"allow":["GET"]}}],"collection":[{"href":"https:\/\/www.brundisium.net\/index.php\/wp-json\/wp\/v2\/posts"}],"about":[{"href":"https:\/\/www.brundisium.net\/index.php\/wp-json\/wp\/v2\/types\/post"}],"author":[{"embeddable":true,"href":"https:\/\/www.brundisium.net\/index.php\/wp-json\/wp\/v2\/users\/2"}],"replies":[{"embeddable":true,"href":"https:\/\/www.brundisium.net\/index.php\/wp-json\/wp\/v2\/comments?post=126947"}],"version-history":[{"count":1,"href":"https:\/\/www.brundisium.net\/index.php\/wp-json\/wp\/v2\/posts\/126947\/revisions"}],"predecessor-version":[{"id":126955,"href":"https:\/\/www.brundisium.net\/index.php\/wp-json\/wp\/v2\/posts\/126947\/revisions\/126955"}],"wp:featuredmedia":[{"embeddable":true,"href":"https:\/\/www.brundisium.net\/index.php\/wp-json\/wp\/v2\/media\/126953"}],"wp:attachment":[{"href":"https:\/\/www.brundisium.net\/index.php\/wp-json\/wp\/v2\/media?parent=126947"}],"wp:term":[{"taxonomy":"category","embeddable":true,"href":"https:\/\/www.brundisium.net\/index.php\/wp-json\/wp\/v2\/categories?post=126947"},{"taxonomy":"post_tag","embeddable":true,"href":"https:\/\/www.brundisium.net\/index.php\/wp-json\/wp\/v2\/tags?post=126947"}],"curies":[{"name":"wp","href":"https:\/\/api.w.org\/{rel}","templated":true}]}}