{"id":127180,"date":"2018-03-09T14:48:11","date_gmt":"2018-03-09T13:48:11","guid":{"rendered":"http:\/\/www.brundisium.net\/?p=127180"},"modified":"2018-03-09T22:28:43","modified_gmt":"2018-03-09T21:28:43","slug":"arturo-stalteri-presenta-il-suo-nuovo-cd-alla-feltrinelli-point-brindisi","status":"publish","type":"post","link":"https:\/\/www.brundisium.net\/index.php\/arturo-stalteri-presenta-il-suo-nuovo-cd-alla-feltrinelli-point-brindisi\/","title":{"rendered":"Arturo St\u00e0lteri presenta il suo nuovo cd alla Feltrinelli point Brindisi"},"content":{"rendered":"<p>Domani, sabato 10 marzo, alle ore 19.00, presso la Feltrinelli point Brindisi in corso Umberto I n. 113 il pianista e compositore Arturo St\u00e0lteri presenta il suo ultimo cd dal titolo \u201cLow &amp; loud\u201d su etichetta Felmay. L\u2019evento \u00e8 organizzato in collaborazione con Adriatic Music Culture e Roberto Caroppo.<\/p>\n<p>&nbsp;<\/p>\n<p>Low&amp;Loud \u00e8 un omaggio al pianoforte vissuto in maniera totale, sfruttando le numerose sfumature timbriche e dinamiche che lo strumento \u00e8 in grado di offrire. Il titolo pu\u00f2 essere tradotto come Piano e Forte, anche se in inglese low indica soprattutto il termine basso, in tutte le sue accezioni (come volume basso o bassa frequenza). Questo particolare vocabolo non \u00e8 stato scelto n\u00e9 usato per caso: nel disco, infatti, il pianista romano ha voluto porre l\u2019attenzione su quelle frequenze che nascono dopo aver utilizzato ogni singolo tasto dello strumento, creando altri suoni ben evidenziati nel cd grazie ad un attento lavoro di post produzione. Dodici tracce, otto dello stesso ST\u00c0LTERI, e quattro omaggi ad altri compositori, in un cd in cui convivono pi\u00f9 fonti di ispirazione, dalla passione per la Terra di Mezzo di J. R. R. Tolkien (Un Viaggio Inaspettato), al mondo celtico e dell\u2019infanzia raccontati in The Quiet Road To The Sea (a lullaby), passando attraverso il mai sopito amore per il Natale di Christmas Day, senza dimenticare l\u2019ossessione del compositore per il passare inesorabile del tempo, che ci trascina vorticosamente con s\u00e9 senza lasciarci via d\u2019uscita (La Vertigine Del Tempo), fino a giungere ai confini con altri mondi (Another Land). L\u2019artista omaggia inoltre J.S. Bach, improvvisando sul celebre corale Wachet Auf, Ruft Uns Die Stimme, e rivisita alla sua maniera Lady Jane dei Rolling Stones, uno dei brani pi\u00f9 \u201cclassicheggianti\u201d della band inglese, che comprende infatti nella sua versione originale strumenti come il clavicembalo e il dulcimer. Si rivolge poi al Rino Gaetano di Gapito Malteni Il Ferroviere, in ricordo della sua collaborazione con l\u2019indimenticabile cantautore calabrese avvenuta negli anni settanta (suoi il pianoforte e le tastiere de Ma il cielo \u00e8 sempre pi\u00f9 blu e dei successivi album Mio fratello \u00e8 figlio unico e Aida). Per questa sua rilettura Arturo ha addirittura scomodato Fryderyk Chopin, inserendo nel brano un momento dallo Studio In Fa Minore Op.10 N\u00b09. L\u2019album si chiude con la rielaborazione per tre pianoforti del celebre Canone In Re Maggiore di Johann Pachelbel, scritto alla fine del \u2018700, in origine per tre violini e basso continuo.<\/p>\n","protected":false},"excerpt":{"rendered":"<p>Domani, sabato 10 marzo, alle ore 19.00, presso la Feltrinelli point Brindisi in corso Umberto I n. 113 il pianista e compositore Arturo St\u00e0lteri presenta il suo ultimo cd dal titolo \u201cLow &amp; loud\u201d su etichetta Felmay. L\u2019evento \u00e8 organizzato in collaborazione con Adriatic Music Culture e Roberto Caroppo. &nbsp; Low&amp;Loud \u00e8 un omaggio al pianoforte vissuto in maniera totale, sfruttando le numerose sfumature timbriche e dinamiche che lo strumento \u00e8 in grado di offrire. Il titolo pu\u00f2 essere tradotto come Piano e Forte, anche se in inglese low indica soprattutto il termine basso, in tutte le sue accezioni (come volume basso o bassa frequenza). Questo particolare vocabolo non \u00e8 stato scelto n\u00e9 usato per caso: nel disco, infatti, il pianista romano ha voluto porre l\u2019attenzione su quelle frequenze che nascono dopo aver utilizzato ogni singolo tasto dello strumento, creando altri suoni ben evidenziati nel cd grazie ad un attento lavoro di post produzione. Dodici tracce, otto dello stesso ST\u00c0LTERI, e quattro omaggi ad altri compositori, in un cd in&#8230;<\/p>\n","protected":false},"author":2,"featured_media":127181,"comment_status":"open","ping_status":"closed","sticky":false,"template":"","format":"standard","meta":{"footnotes":""},"categories":[7],"tags":[925],"class_list":["post-127180","post","type-post","status-publish","format-standard","has-post-thumbnail","hentry","category-news","tag-feltrinelli"],"_links":{"self":[{"href":"https:\/\/www.brundisium.net\/index.php\/wp-json\/wp\/v2\/posts\/127180","targetHints":{"allow":["GET"]}}],"collection":[{"href":"https:\/\/www.brundisium.net\/index.php\/wp-json\/wp\/v2\/posts"}],"about":[{"href":"https:\/\/www.brundisium.net\/index.php\/wp-json\/wp\/v2\/types\/post"}],"author":[{"embeddable":true,"href":"https:\/\/www.brundisium.net\/index.php\/wp-json\/wp\/v2\/users\/2"}],"replies":[{"embeddable":true,"href":"https:\/\/www.brundisium.net\/index.php\/wp-json\/wp\/v2\/comments?post=127180"}],"version-history":[{"count":1,"href":"https:\/\/www.brundisium.net\/index.php\/wp-json\/wp\/v2\/posts\/127180\/revisions"}],"predecessor-version":[{"id":127182,"href":"https:\/\/www.brundisium.net\/index.php\/wp-json\/wp\/v2\/posts\/127180\/revisions\/127182"}],"wp:featuredmedia":[{"embeddable":true,"href":"https:\/\/www.brundisium.net\/index.php\/wp-json\/wp\/v2\/media\/127181"}],"wp:attachment":[{"href":"https:\/\/www.brundisium.net\/index.php\/wp-json\/wp\/v2\/media?parent=127180"}],"wp:term":[{"taxonomy":"category","embeddable":true,"href":"https:\/\/www.brundisium.net\/index.php\/wp-json\/wp\/v2\/categories?post=127180"},{"taxonomy":"post_tag","embeddable":true,"href":"https:\/\/www.brundisium.net\/index.php\/wp-json\/wp\/v2\/tags?post=127180"}],"curies":[{"name":"wp","href":"https:\/\/api.w.org\/{rel}","templated":true}]}}