{"id":127579,"date":"2018-03-14T07:53:29","date_gmt":"2018-03-14T06:53:29","guid":{"rendered":"http:\/\/www.brundisium.net\/?p=127579"},"modified":"2018-03-17T23:56:58","modified_gmt":"2018-03-17T22:56:58","slug":"il-dott-colizzi-confermato-coordinatore-regionale-dellaifo","status":"publish","type":"post","link":"https:\/\/www.brundisium.net\/index.php\/il-dott-colizzi-confermato-coordinatore-regionale-dellaifo\/","title":{"rendered":"Il Dott. Colizzi confermato coordinatore regionale dell&#8217;AIFO"},"content":{"rendered":"<p>In data 11 marzo 2018 si \u00e8 svolta a Bari, nella sala conferenze del centro Culturale \u201cSan Paolo\u201d, la riunione elettiva del coordinamento Puglia dell&#8217;Associazione Italiana amici di Follereau, ONG sanitaria che si occupa a livello internazionale di salute di base, diritti delle persone con disabilit\u00e0, lotta alla lebbra e progetti a favore degli ultimi (in particolare infanzia, donne e gruppi vulnerabili).<\/p>\n<p>&nbsp;<\/p>\n<p>La riunione \u00e8 stata aperta da una breve introduzione del coordinatore uscente, dottor Francesco Colizzi, il quale ha sottolineato che dopo un decennio di crisi economica, sociale e culturale, che ha colpito anche il mondo del volontariato, vi \u00e8 una nuova crescita dell&#8217;associazione in Puglia (esempio plastico dato dalle recenti numerose iscrizioni di soci residenti in vari ambiti regionali). In particolare, l&#8217;esperienza positiva del primo Festival nazionale della cooperazione internazionale ad Ostuni (ottobre 2017) ha attivato una rete dinamica di collegamenti e sinergie che sta dando i suoi frutti, con probabile nascita di nuovi gruppi sul territorio. Un altro rilevante indicatore positivo \u00e8 la partecipazione di AIFO a molteplici iniziative pugliesi. Basti pensare che solo tra marzo e maggio di quest&#8217;anno AIFO parteciper\u00e0 al Convegno nazionale del MEIC di Ostuni, al convegno del quarto circolo didattico di Lecce sull&#8217;Agenda ONU 2030, al congresso del sindacato UIL di Brindisi, al seminario sul volontariato dell&#8217;AVULSS di Mesagne, al seminario sui diritti delle persone con disabilit\u00e0 dell&#8217;Istituto del Divino Zelo di Oria.<\/p>\n<p>&nbsp;<\/p>\n<p>E&#8217; stato proiettato in anteprima il Documentary realizzato da Raffaele Zanframundo in occasione del Festival nazionale della cooperazione internazionale di Ostuni, che ha riscosso un grande e generale apprezzamento per qualit\u00e0 tecnica e contenuti. Il filmato verr\u00e0 presto inviato alla sede centrale, essendo di propriet\u00e0 dell&#8217;AIFO, ed \u00e8 stata avanzata la richiesta di produrre dei DVD o delle chiavette da distribuire a tutti i gruppi d&#8217;Italia dopo la proiezione nel corso della Assemblea Nazionale di giugno. Si ritiene inoltre che il documentario possa essere utilizzato in molteplici occasioni e che vada fatto conoscere bene ai mass media nazionali. L&#8217;assemblea pugliese ha espresso voti affinch\u00e8 si prosegua a realizzare, assieme alla RIDS e con ulteriori partner, anche quest&#8217;anno il Festival della cooperazione internazionale, con maggiori presenze anche internazionali e con la valorizzazione in particolare del nostro rapporto ufficiale con l&#8217;OMS.<\/p>\n<p>&nbsp;<\/p>\n<p>Sono intervenuti nel dibattito i referenti dei tre gruppi ufficiali e numerosi partecipanti, in un clima di fiducia, di positivit\u00e0 e di impegno. Il consigliere Ponticelli ha relazionato sulla situazione generale della Associazione, raccontando le esperienze positive realizzate a Latina e in Lazio e invitando tutti a partecipare maggiormente alle attivit\u00e0 associative. In particolare, Ponticelli ha descritto le opportunit\u00e0 formative offerte dal prossimo Campo estivo AIFO che si terr\u00e0 a Latina in luglio con il contributo di numerose altre associazioni. Infine, commentando l&#8217;andamento dei lavori, il consigliere Ponticelli si \u00e8 detto molto soddisfatto delle presenze numerose e della qualit\u00e0 della discussione e degli organismi eletti.<\/p>\n<p>&nbsp;<\/p>\n<p>A fine mattinata si sono svolte le operazioni elettorali, con la rielezione per acclamazione del dottor Francesco Colizzi a coordinatore regionale e con la nomina del dottor Ferdinando Sallustio quale vicecoordinatore.<\/p>\n<p>&nbsp;<\/p>\n<p>&nbsp;<\/p>\n<p><em><strong>AIFO Puglia<\/strong><\/em><\/p>\n","protected":false},"excerpt":{"rendered":"<p>In data 11 marzo 2018 si \u00e8 svolta a Bari, nella sala conferenze del centro Culturale \u201cSan Paolo\u201d, la riunione elettiva del coordinamento Puglia dell&#8217;Associazione Italiana amici di Follereau, ONG sanitaria che si occupa a livello internazionale di salute di base, diritti delle persone con disabilit\u00e0, lotta alla lebbra e progetti a favore degli ultimi (in particolare infanzia, donne e gruppi vulnerabili). &nbsp; La riunione \u00e8 stata aperta da una breve introduzione del coordinatore uscente, dottor Francesco Colizzi, il quale ha sottolineato che dopo un decennio di crisi economica, sociale e culturale, che ha colpito anche il mondo del volontariato, vi \u00e8 una nuova crescita dell&#8217;associazione in Puglia (esempio plastico dato dalle recenti numerose iscrizioni di soci residenti in vari ambiti regionali). In particolare, l&#8217;esperienza positiva del primo Festival nazionale della cooperazione internazionale ad Ostuni (ottobre 2017) ha attivato una rete dinamica di collegamenti e sinergie che sta dando i suoi frutti, con probabile nascita di nuovi gruppi sul territorio. Un altro rilevante indicatore positivo \u00e8 la partecipazione di AIFO&#8230;<\/p>\n","protected":false},"author":2,"featured_media":7763,"comment_status":"open","ping_status":"closed","sticky":false,"template":"","format":"standard","meta":{"footnotes":""},"categories":[7],"tags":[3077,5240],"class_list":["post-127579","post","type-post","status-publish","format-standard","has-post-thumbnail","hentry","category-news","tag-aifo","tag-francesco-colizzi"],"_links":{"self":[{"href":"https:\/\/www.brundisium.net\/index.php\/wp-json\/wp\/v2\/posts\/127579","targetHints":{"allow":["GET"]}}],"collection":[{"href":"https:\/\/www.brundisium.net\/index.php\/wp-json\/wp\/v2\/posts"}],"about":[{"href":"https:\/\/www.brundisium.net\/index.php\/wp-json\/wp\/v2\/types\/post"}],"author":[{"embeddable":true,"href":"https:\/\/www.brundisium.net\/index.php\/wp-json\/wp\/v2\/users\/2"}],"replies":[{"embeddable":true,"href":"https:\/\/www.brundisium.net\/index.php\/wp-json\/wp\/v2\/comments?post=127579"}],"version-history":[{"count":1,"href":"https:\/\/www.brundisium.net\/index.php\/wp-json\/wp\/v2\/posts\/127579\/revisions"}],"predecessor-version":[{"id":127581,"href":"https:\/\/www.brundisium.net\/index.php\/wp-json\/wp\/v2\/posts\/127579\/revisions\/127581"}],"wp:featuredmedia":[{"embeddable":true,"href":"https:\/\/www.brundisium.net\/index.php\/wp-json\/wp\/v2\/media\/7763"}],"wp:attachment":[{"href":"https:\/\/www.brundisium.net\/index.php\/wp-json\/wp\/v2\/media?parent=127579"}],"wp:term":[{"taxonomy":"category","embeddable":true,"href":"https:\/\/www.brundisium.net\/index.php\/wp-json\/wp\/v2\/categories?post=127579"},{"taxonomy":"post_tag","embeddable":true,"href":"https:\/\/www.brundisium.net\/index.php\/wp-json\/wp\/v2\/tags?post=127579"}],"curies":[{"name":"wp","href":"https:\/\/api.w.org\/{rel}","templated":true}]}}