{"id":127704,"date":"2018-03-15T10:12:02","date_gmt":"2018-03-15T09:12:02","guid":{"rendered":"http:\/\/www.brundisium.net\/?p=127704"},"modified":"2018-03-17T23:50:00","modified_gmt":"2018-03-17T22:50:00","slug":"integrazione-scolastica-niccoli-la-gara-del-comune-e-sbagliata","status":"publish","type":"post","link":"https:\/\/www.brundisium.net\/index.php\/integrazione-scolastica-niccoli-la-gara-del-comune-e-sbagliata\/","title":{"rendered":"Integrazione scolastica, Niccoli: &#8220;la gara del comune \u00e8 sbagliata&#8221;"},"content":{"rendered":"<p>Oramai in questa citt\u00e0 succede di tutto, le falsit\u00e0, le bugie, sono diventate appannaggio di molti.<br \/>\nI Bambini e ragazzi diversamente abili non hanno bisogno di bandiere che sventolano per dire \u201cnoi siamo stati bravi\u201d, per dire grazie a noi avete avuto un diritto dovuto, grazie alla nostra intelligenza abbiamo risolto i problemi dell\u2019integrazione scolastica.<\/p>\n<p>&nbsp;<\/p>\n<p>Quei bambini, insieme ai genitori continueranno a combattere ogni giorno per poter affermare i loro diritti, combatteranno ogni giorno contro una societ\u00e0 che tende ad emarginare anzich\u00e9 includere, combatteranno per avere servizi migliori sia in qualit\u00e0 che in quantit\u00e0.<\/p>\n<p>Dall\u2019altra parte un gruppo consistente di lavoratori combatte per mantenere il proprio posto di lavoro, i propri diritti, la propria dignit\u00e0 e continuer\u00e0 a farlo.<\/p>\n<p>&nbsp;<\/p>\n<p>Nel mezzo di questa tragedia vera reale, c\u2019\u00e8 chi gioca a mettersi le medaglie del nulla ,a raccontare bugie ad erigersi a paladino dei deboli e dei lavoratori. Sepolcri imbiancati, belli fuori marci dentro.<\/p>\n<p>&nbsp;<\/p>\n<p>C\u2019\u00e8 chi esalta le doti di un Commissario Prefettizio che non riceve le organizzazioni Sindacali e le associazioni dei genitori disabili, costringendoli a richiedere l\u2019intervento del Prefetto di Brindisi, il quale ha dimostrato di essere persona perbene e soprattutto uomo delle istituzioni.<\/p>\n<p>Se non ci fossero state le proteste dei lavoratori ,delle associazioni dei genitori e di tre sigle sindacali non di tutte e l\u2019attenzione degli organi di informazione, non ci sarebbero stati incontri, confronti e firme di protocolli.<br \/>\nQuindi chi ha vinto?<br \/>\nI monaci cercantini? O chi a ritenuto che i diritti dei lavoratori erano stati lesi ,insieme a quelli dei bambini diversamente abili e delle famiglie ed ha portato in piazza ed all\u2019attenzione dell\u2019opinione pubblica i problemi esistenti, fino ad arrivare ad un tavolo istituzionale di confronto alla presenza del Prefetto di Brindisi, del Comune di Brindisi e di tutte le organizzazioni sindacali. Io credo che abbia perso sicuramente la falsit\u00e0 e la menzogna e le bugie raccontate per difendere interessi micro e di parte.<\/p>\n<p>&nbsp;<\/p>\n<p>La gara fatta dal Comune \u00e8 sbagliata, ha prodotto delle riduzioni di impegni di spesa ,ha ridotto artatamente il costo del servizio, per avere oggi dei benefici sul bilancio e per i dirigenti e domani invece sbattere in faccia a chi governer\u00e0 il problema , con variazioni di bilancio e riduzioni di qualit\u00e0 e quantit\u00e0 del servizio. Qualcuno ha parlato di gara \u201caperta\u201d con una capacit\u00e0 di spesa da modellare di volta in volta rispetto alle esigenze, con la presenza di un impegno di spesa certo posto in bilancio. Follie. Noi chiederemo l\u2019intervento della Corte dei Conti per verificare o una bugia o una per noi irregolarit\u00e0.<\/p>\n<p>&nbsp;<\/p>\n<p>Io c\u2019ero quando i lavoratori e le famiglie dei bambini diversamente abili gridavano e richiedevano al Commissario un incontro un confronto nell\u2019aula del Consiglio Comunale . Il Commissario non ha ricevuto nessuno, solo la pazienza la mediazione del sindacato a permesso che la situazione non degenerasse.<br \/>\nBrutta storia per chi dovrebbe rappresentare la citt\u00e0!!!!!<\/p>\n<p>&nbsp;<\/p>\n<p>Ed ora partiti politici si fregiano di aver vinto cosa? Uomini del sindacato di aver vinto cosa?<br \/>\nUn errata applicazione di un allegato Regionale ,che parla di ore minime e non massime, di una gara sbagliata ,di una certa riduzione della quantit\u00e0 del servizio.<br \/>\nDiciamo che la firma del protocollo con il Prefetto a riportato la verit\u00e0 a galla e a tamponato alcuni \u00a0errori fatti, ai quali il nuovo governo cittadino, che uscir\u00e0 dalle elezioni, dovr\u00e0 porre rimedio.<\/p>\n<p>&nbsp;<\/p>\n<p>Io non so cosa proporranno le altre forze politiche ,noi nel nostro programma offerto ed accettato dalla coalizione abbiamo messo i Servizi Sociali insieme ad altre priorit\u00e0, ribadendo la nostra volont\u00e0 ad aumentare la quantit\u00e0 e la qualit\u00e0 dei servizi, anche nel servizio di integrazione scolastica.<\/p>\n<p>&nbsp;<\/p>\n<p>Siamo per la rotazione dei Dirigenti, cos\u00ec come prevede la legge, alfine di evitare consolidamenti antipatici, ma, soprattutto per chiarezza e trasparenza.<\/p>\n<p>&nbsp;<\/p>\n<p>Riteniamo pertanto di dover ringraziare i lavoratori e le lavoratrici del servizio di integrazione scolastica, insieme alle associazioni dei genitori dei bambini disabili, alle organizzazioni sindacali, non tutte, per la pazienza e lo spirito di sacrificio dimostrato, teso solo ed esclusivamente a costruire un futuro migliore ed un servizio pi\u00f9 efficiente in qualit\u00e0 e quantit\u00e0.<\/p>\n<p>&nbsp;<\/p>\n<p><em><strong>Claudio Niccoli<\/strong><\/em><br \/>\n<em><strong>Bpdt<\/strong> <\/em><\/p>\n","protected":false},"excerpt":{"rendered":"<p>Oramai in questa citt\u00e0 succede di tutto, le falsit\u00e0, le bugie, sono diventate appannaggio di molti. I Bambini e ragazzi diversamente abili non hanno bisogno di bandiere che sventolano per dire \u201cnoi siamo stati bravi\u201d, per dire grazie a noi avete avuto un diritto dovuto, grazie alla nostra intelligenza abbiamo risolto i problemi dell\u2019integrazione scolastica. &nbsp; Quei bambini, insieme ai genitori continueranno a combattere ogni giorno per poter affermare i loro diritti, combatteranno ogni giorno contro una societ\u00e0 che tende ad emarginare anzich\u00e9 includere, combatteranno per avere servizi migliori sia in qualit\u00e0 che in quantit\u00e0. Dall\u2019altra parte un gruppo consistente di lavoratori combatte per mantenere il proprio posto di lavoro, i propri diritti, la propria dignit\u00e0 e continuer\u00e0 a farlo. &nbsp; Nel mezzo di questa tragedia vera reale, c\u2019\u00e8 chi gioca a mettersi le medaglie del nulla ,a raccontare bugie ad erigersi a paladino dei deboli e dei lavoratori. Sepolcri imbiancati, belli fuori marci dentro. &nbsp; C\u2019\u00e8 chi esalta le doti di un Commissario Prefettizio che non riceve le organizzazioni&#8230;<\/p>\n","protected":false},"author":2,"featured_media":117563,"comment_status":"open","ping_status":"closed","sticky":false,"template":"","format":"standard","meta":{"footnotes":""},"categories":[7],"tags":[3857,5299],"class_list":["post-127704","post","type-post","status-publish","format-standard","has-post-thumbnail","hentry","category-news","tag-integrazione-scolastica","tag-niccoli"],"_links":{"self":[{"href":"https:\/\/www.brundisium.net\/index.php\/wp-json\/wp\/v2\/posts\/127704","targetHints":{"allow":["GET"]}}],"collection":[{"href":"https:\/\/www.brundisium.net\/index.php\/wp-json\/wp\/v2\/posts"}],"about":[{"href":"https:\/\/www.brundisium.net\/index.php\/wp-json\/wp\/v2\/types\/post"}],"author":[{"embeddable":true,"href":"https:\/\/www.brundisium.net\/index.php\/wp-json\/wp\/v2\/users\/2"}],"replies":[{"embeddable":true,"href":"https:\/\/www.brundisium.net\/index.php\/wp-json\/wp\/v2\/comments?post=127704"}],"version-history":[{"count":1,"href":"https:\/\/www.brundisium.net\/index.php\/wp-json\/wp\/v2\/posts\/127704\/revisions"}],"predecessor-version":[{"id":127705,"href":"https:\/\/www.brundisium.net\/index.php\/wp-json\/wp\/v2\/posts\/127704\/revisions\/127705"}],"wp:featuredmedia":[{"embeddable":true,"href":"https:\/\/www.brundisium.net\/index.php\/wp-json\/wp\/v2\/media\/117563"}],"wp:attachment":[{"href":"https:\/\/www.brundisium.net\/index.php\/wp-json\/wp\/v2\/media?parent=127704"}],"wp:term":[{"taxonomy":"category","embeddable":true,"href":"https:\/\/www.brundisium.net\/index.php\/wp-json\/wp\/v2\/categories?post=127704"},{"taxonomy":"post_tag","embeddable":true,"href":"https:\/\/www.brundisium.net\/index.php\/wp-json\/wp\/v2\/tags?post=127704"}],"curies":[{"name":"wp","href":"https:\/\/api.w.org\/{rel}","templated":true}]}}