{"id":128015,"date":"2018-03-24T10:30:35","date_gmt":"2018-03-24T09:30:35","guid":{"rendered":"http:\/\/www.brundisium.net\/?p=128015"},"modified":"2018-03-24T11:38:46","modified_gmt":"2018-03-24T10:38:46","slug":"a-la-feltrinelli-si-presenta-il-libro-gli-impertinenti-il-viaggio-di-sandro-e-carla-pertini-per-litalia-di-oggi","status":"publish","type":"post","link":"https:\/\/www.brundisium.net\/index.php\/a-la-feltrinelli-si-presenta-il-libro-gli-impertinenti-il-viaggio-di-sandro-e-carla-pertini-per-litalia-di-oggi\/","title":{"rendered":"A La Feltrinelli si presenta il libro: &#8220;Gli impertinenti, il viaggio di Sandro e Carla Pertini, per l\u2019Italia di oggi&#8221;"},"content":{"rendered":"<p>Prosegue l\u2019appassionante tour pertiniano del Prof. Enrico Cuccodoro, autore del libro \u201cGLI IMPERTINENTI, Il viaggio di Sandro e Carla Pertini, per l\u2019Italia di oggi\u201d \u2013 EDIZIONI VOILIER.<\/p>\n<p>&nbsp;<\/p>\n<p>La tappa che si svolger\u00e0 a Brindisi, alla Libreria Feltrinelli, in Corso Umberto I, 113, nella giornata di Marted\u00ec 27 Marzo 2018 alle 18:30, sar\u00e0 il 113\u00b0 appuntamento pubblico in cui si ripercorreranno, anche simbolicamente, i momenti della presenza del Presidente Pertini in citt\u00e0. Dialoga con l\u2019autore del libro, l\u2019avv. Emilio Graziuso.<\/p>\n<p>&nbsp;<\/p>\n<p>Questo per rammentare l&#8217;affetto dei tantissimi che andarono incontro a lui nella storica visita di Stato del 3-4 marzo 1980, che vide il Presidente Pertini, in citt\u00e0. Qui, il 3 Marzo, fu inizialmente accolto, dinanzi al Palazzo della Prefettura, dalle autorit\u00e0 e dall\u2019Arcivescovo di Brindisi e dai Vescovi della Provincia. Ricevette una rappresentanza del Consiglio di fabbrica della \u201cMontedison\u201d, spostandosi, di seguito, in Municipio, per la consegna delle \u201cMedaglie d\u2019Oro al Valor Civile\u201d alla memoria a tre operai del medesimo insediamento produttivo e una \u201cMedaglia d\u2019Argento al Valor Civile\u201d in memoria di una guardia giurata. La mattina successiva, invece, il Presidente visit\u00f2 l&#8217;impianto \u201cMontedison\u201d, proprio dove l&#8217;ing. Sergio Gori aveva prestato servizio, prima di essere trasferito presso il \u201cPetrolchimico\u201d a Porto Marghera, e ucciso vilmente dai terroristi a Mestre, solo poche settimane prima.<\/p>\n<p>&nbsp;<\/p>\n<p>Come ricorda il prof Enrico Cuccodoro, nella sua giornata brindisina, Sandro Pertini afferm\u00f2: <em>&#8220;In questo giro, di questa forte terra pugliese, io vado attingendo tanto, ma tanto amore. Quanti giovani si vanno stringendo, intorno a me. Quanta gente io vado incontrando e mi stringe la mano; mi dimostra la sua stima e il suo affetto. \u00c8 gente nostra, io lo sento&#8230; sono Italiani che chiedono di vivere tranquillamente, avendo un lavoro sicuro e, finalmente, la pace in questo tormentato Paese. \u00c8 l&#8217;impegno che dobbiamo assumere noi, uomini politici che mi ascoltate! L&#8217;impegno di risolvere questo atto di giustizia. Di far s\u00ec che la nostra gente, qui, possa trovare lavoro, tranquillit\u00e0 e pace, concretamente!<\/em>&#8221;<\/p>\n<p>&nbsp;<\/p>\n<p>Una forte testimonianza, soprattutto, di uno speciale interesse e di una sua diretta sensibilit\u00e0 verso le nuove generazioni.<\/p>\n<p>Parole schiette e di verit\u00e0, che da allora sono monito per coloro che s&#8217;impegnano in politica e nel sociale con entusiasmo ed onest\u00e0 e che con il coraggio costituiscono i cardini della grande lezione di umanit\u00e0 ed eroismo che ci lascia ancora la voce straordinaria dell&#8217;amatissimo e caro Presidente Pertini con grande determinazione e vigore, appello alle coscienze di tutti che si lev\u00f2 proprio qui in Terra di Puglia.<\/p>\n<p>&nbsp;<\/p>\n<p><strong>\u00a0Ufficio Stampa e Comunicazione dell\u2019Osservatorio Istituzionale per la Libert\u00e0 e la Giustizia Sociale \u201cSandro e Carla Pertini\u201d<\/strong><\/p>\n","protected":false},"excerpt":{"rendered":"<p>Prosegue l\u2019appassionante tour pertiniano del Prof. Enrico Cuccodoro, autore del libro \u201cGLI IMPERTINENTI, Il viaggio di Sandro e Carla Pertini, per l\u2019Italia di oggi\u201d \u2013 EDIZIONI VOILIER. &nbsp; La tappa che si svolger\u00e0 a Brindisi, alla Libreria Feltrinelli, in Corso Umberto I, 113, nella giornata di Marted\u00ec 27 Marzo 2018 alle 18:30, sar\u00e0 il 113\u00b0 appuntamento pubblico in cui si ripercorreranno, anche simbolicamente, i momenti della presenza del Presidente Pertini in citt\u00e0. Dialoga con l\u2019autore del libro, l\u2019avv. Emilio Graziuso. &nbsp; Questo per rammentare l&#8217;affetto dei tantissimi che andarono incontro a lui nella storica visita di Stato del 3-4 marzo 1980, che vide il Presidente Pertini, in citt\u00e0. Qui, il 3 Marzo, fu inizialmente accolto, dinanzi al Palazzo della Prefettura, dalle autorit\u00e0 e dall\u2019Arcivescovo di Brindisi e dai Vescovi della Provincia. Ricevette una rappresentanza del Consiglio di fabbrica della \u201cMontedison\u201d, spostandosi, di seguito, in Municipio, per la consegna delle \u201cMedaglie d\u2019Oro al Valor Civile\u201d alla memoria a tre operai del medesimo insediamento produttivo e una \u201cMedaglia d\u2019Argento al Valor Civile\u201d&#8230;<\/p>\n","protected":false},"author":2,"featured_media":128016,"comment_status":"open","ping_status":"closed","sticky":false,"template":"","format":"standard","meta":{"footnotes":""},"categories":[224,7],"tags":[4049],"class_list":["post-128015","post","type-post","status-publish","format-standard","has-post-thumbnail","hentry","category-libri","category-news","tag-la-feltrinelli"],"_links":{"self":[{"href":"https:\/\/www.brundisium.net\/index.php\/wp-json\/wp\/v2\/posts\/128015","targetHints":{"allow":["GET"]}}],"collection":[{"href":"https:\/\/www.brundisium.net\/index.php\/wp-json\/wp\/v2\/posts"}],"about":[{"href":"https:\/\/www.brundisium.net\/index.php\/wp-json\/wp\/v2\/types\/post"}],"author":[{"embeddable":true,"href":"https:\/\/www.brundisium.net\/index.php\/wp-json\/wp\/v2\/users\/2"}],"replies":[{"embeddable":true,"href":"https:\/\/www.brundisium.net\/index.php\/wp-json\/wp\/v2\/comments?post=128015"}],"version-history":[{"count":1,"href":"https:\/\/www.brundisium.net\/index.php\/wp-json\/wp\/v2\/posts\/128015\/revisions"}],"predecessor-version":[{"id":128017,"href":"https:\/\/www.brundisium.net\/index.php\/wp-json\/wp\/v2\/posts\/128015\/revisions\/128017"}],"wp:featuredmedia":[{"embeddable":true,"href":"https:\/\/www.brundisium.net\/index.php\/wp-json\/wp\/v2\/media\/128016"}],"wp:attachment":[{"href":"https:\/\/www.brundisium.net\/index.php\/wp-json\/wp\/v2\/media?parent=128015"}],"wp:term":[{"taxonomy":"category","embeddable":true,"href":"https:\/\/www.brundisium.net\/index.php\/wp-json\/wp\/v2\/categories?post=128015"},{"taxonomy":"post_tag","embeddable":true,"href":"https:\/\/www.brundisium.net\/index.php\/wp-json\/wp\/v2\/tags?post=128015"}],"curies":[{"name":"wp","href":"https:\/\/api.w.org\/{rel}","templated":true}]}}