{"id":128240,"date":"2018-03-21T11:32:26","date_gmt":"2018-03-21T10:32:26","guid":{"rendered":"http:\/\/www.brundisium.net\/?p=128240"},"modified":"2018-03-21T11:51:56","modified_gmt":"2018-03-21T10:51:56","slug":"luperti-il-commissario-spieghi-cosa-accade-nella-scuola-giovanni-xxiii","status":"publish","type":"post","link":"https:\/\/www.brundisium.net\/index.php\/luperti-il-commissario-spieghi-cosa-accade-nella-scuola-giovanni-xxiii\/","title":{"rendered":"Luperti: &#8220;il Commissario spieghi cosa accade nella scuola Giovanni XXIII&#8221;"},"content":{"rendered":"<p><a href=\"http:\/\/www.brundisium.net\/brun\/wp-content\/uploads\/2018\/03\/LUPERTI-GIOVANNI-XXIII-3.jpg\"><img loading=\"lazy\" decoding=\"async\" class=\"alignleft size-medium wp-image-128245\" src=\"http:\/\/www.brundisium.net\/brun\/wp-content\/uploads\/2018\/03\/LUPERTI-GIOVANNI-XXIII-3-300x169.jpg\" alt=\"\" width=\"300\" height=\"169\" srcset=\"https:\/\/www.brundisium.net\/brun\/wp-content\/uploads\/2018\/03\/LUPERTI-GIOVANNI-XXIII-3-300x169.jpg 300w, https:\/\/www.brundisium.net\/brun\/wp-content\/uploads\/2018\/03\/LUPERTI-GIOVANNI-XXIII-3-768x432.jpg 768w, https:\/\/www.brundisium.net\/brun\/wp-content\/uploads\/2018\/03\/LUPERTI-GIOVANNI-XXIII-3-1024x576.jpg 1024w, https:\/\/www.brundisium.net\/brun\/wp-content\/uploads\/2018\/03\/LUPERTI-GIOVANNI-XXIII-3.jpg 1600w\" sizes=\"auto, (max-width: 300px) 100vw, 300px\" \/><\/a>\u00a0\u201cIl commissario prefettizio del Comune di Brindisi ci spieghi cosa sta accadendo nella scuola Giovanni XXIIII, in viale Aldo Moro\u201d.<br \/>\nLo chiede il responsabile dei Coerenti per Brindisi Lino Luperti, anche alla luce delle proteste dei genitori dei bambini che frequentano questa scuola.<\/p>\n<p>&nbsp;<\/p>\n<p>\u201cQualche settimana fa \u2013 afferma Luperti \u2013 abbiamo appreso la notizia della volont\u00e0, del Comune di Brindisi, di chiudere questa scuola, nell\u2019ambito di un processo di accorpamento. Abbiamo detto a gran voce che si tratta di una decisione incomprensibile, tanto pi\u00f9 se assunta da una gestione commissariale che non pu\u00f2 assumersi la responsabilit\u00e0 di decidere anche il futuro di questa citt\u00e0. Da qui la richiesta di soprassedere, rinviando ogni eventuale decisione ai prossimi mesi. Ma da Palazzo di citt\u00e0 ci \u00e8 stato riferito che avrebbero proceduto ugualmente, ignorando le istanze dei genitori e di chiunque altro aveva manifestato questa volont\u00e0. Ed oggi \u2013 aggiunge Luperti \u2013 ne comprendiamo il motivo. Il cortile della scuola \u00e8 stato quasi totalmente occupato da strutture in ferro che dovrebbero essere utilizzate per realizzare le scale di emergenza dell\u2019albergo attiguo alla scuola.<\/p>\n<p><a href=\"http:\/\/www.brundisium.net\/brun\/wp-content\/uploads\/2018\/03\/LUPERTI-GIOVANNI-XXIII-2.jpg\"><img loading=\"lazy\" decoding=\"async\" class=\"size-medium wp-image-128244 alignright\" src=\"http:\/\/www.brundisium.net\/brun\/wp-content\/uploads\/2018\/03\/LUPERTI-GIOVANNI-XXIII-2-300x169.jpg\" alt=\"\" width=\"300\" height=\"169\" srcset=\"https:\/\/www.brundisium.net\/brun\/wp-content\/uploads\/2018\/03\/LUPERTI-GIOVANNI-XXIII-2-300x169.jpg 300w, https:\/\/www.brundisium.net\/brun\/wp-content\/uploads\/2018\/03\/LUPERTI-GIOVANNI-XXIII-2-768x432.jpg 768w, https:\/\/www.brundisium.net\/brun\/wp-content\/uploads\/2018\/03\/LUPERTI-GIOVANNI-XXIII-2-1024x576.jpg 1024w, https:\/\/www.brundisium.net\/brun\/wp-content\/uploads\/2018\/03\/LUPERTI-GIOVANNI-XXIII-2.jpg 1600w\" sizes=\"auto, (max-width: 300px) 100vw, 300px\" \/><\/a>Tutto questo rende impossibile la fruizione del giardino da parte degli stessi bambini (ed oggi inizia la primavera) e crea anche qualche preoccupazione per i lavori in corso. Il commissario ci dica se era al corrente di questa esigenza dell\u2019albergo, dei disagi che si stanno provocando ai bambini e ci dica anche se la propriet\u00e0 dell\u2019albergo ha chiesto l\u2019autorizzazione ad occupare gli spazi della scuola e se ha pagato le tasse per l\u2019occupazione di suolo pubblico. Aspettiamo, nella speranza che questa imbarazzante coabitazione tra un cantiere ed una scuola materna non crei problemi pi\u00f9 seri\u201d.<\/p>\n<p>&nbsp;<\/p>\n<p><strong>PASQUALE LUPERTI &#8211; COERENTI PER BRINDISI<\/strong><\/p>\n","protected":false},"excerpt":{"rendered":"<p>\u00a0\u201cIl commissario prefettizio del Comune di Brindisi ci spieghi cosa sta accadendo nella scuola Giovanni XXIIII, in viale Aldo Moro\u201d. Lo chiede il responsabile dei Coerenti per Brindisi Lino Luperti, anche alla luce delle proteste dei genitori dei bambini che frequentano questa scuola. &nbsp; \u201cQualche settimana fa \u2013 afferma Luperti \u2013 abbiamo appreso la notizia della volont\u00e0, del Comune di Brindisi, di chiudere questa scuola, nell\u2019ambito di un processo di accorpamento. Abbiamo detto a gran voce che si tratta di una decisione incomprensibile, tanto pi\u00f9 se assunta da una gestione commissariale che non pu\u00f2 assumersi la responsabilit\u00e0 di decidere anche il futuro di questa citt\u00e0. Da qui la richiesta di soprassedere, rinviando ogni eventuale decisione ai prossimi mesi. Ma da Palazzo di citt\u00e0 ci \u00e8 stato riferito che avrebbero proceduto ugualmente, ignorando le istanze dei genitori e di chiunque altro aveva manifestato questa volont\u00e0. Ed oggi \u2013 aggiunge Luperti \u2013 ne comprendiamo il motivo. Il cortile della scuola \u00e8 stato quasi totalmente occupato da strutture in ferro che dovrebbero essere&#8230;<\/p>\n","protected":false},"author":2,"featured_media":128242,"comment_status":"open","ping_status":"closed","sticky":false,"template":"","format":"standard","meta":{"footnotes":""},"categories":[7],"tags":[421],"class_list":["post-128240","post","type-post","status-publish","format-standard","has-post-thumbnail","hentry","category-news","tag-luperti"],"_links":{"self":[{"href":"https:\/\/www.brundisium.net\/index.php\/wp-json\/wp\/v2\/posts\/128240","targetHints":{"allow":["GET"]}}],"collection":[{"href":"https:\/\/www.brundisium.net\/index.php\/wp-json\/wp\/v2\/posts"}],"about":[{"href":"https:\/\/www.brundisium.net\/index.php\/wp-json\/wp\/v2\/types\/post"}],"author":[{"embeddable":true,"href":"https:\/\/www.brundisium.net\/index.php\/wp-json\/wp\/v2\/users\/2"}],"replies":[{"embeddable":true,"href":"https:\/\/www.brundisium.net\/index.php\/wp-json\/wp\/v2\/comments?post=128240"}],"version-history":[{"count":1,"href":"https:\/\/www.brundisium.net\/index.php\/wp-json\/wp\/v2\/posts\/128240\/revisions"}],"predecessor-version":[{"id":128247,"href":"https:\/\/www.brundisium.net\/index.php\/wp-json\/wp\/v2\/posts\/128240\/revisions\/128247"}],"wp:featuredmedia":[{"embeddable":true,"href":"https:\/\/www.brundisium.net\/index.php\/wp-json\/wp\/v2\/media\/128242"}],"wp:attachment":[{"href":"https:\/\/www.brundisium.net\/index.php\/wp-json\/wp\/v2\/media?parent=128240"}],"wp:term":[{"taxonomy":"category","embeddable":true,"href":"https:\/\/www.brundisium.net\/index.php\/wp-json\/wp\/v2\/categories?post=128240"},{"taxonomy":"post_tag","embeddable":true,"href":"https:\/\/www.brundisium.net\/index.php\/wp-json\/wp\/v2\/tags?post=128240"}],"curies":[{"name":"wp","href":"https:\/\/api.w.org\/{rel}","templated":true}]}}