{"id":128608,"date":"2018-03-26T14:56:58","date_gmt":"2018-03-26T12:56:58","guid":{"rendered":"http:\/\/www.brundisium.net\/?p=128608"},"modified":"2018-03-27T11:03:07","modified_gmt":"2018-03-27T09:03:07","slug":"xylella-il-comune-di-fasano-incontrera-le-associazioni-di-categoria","status":"publish","type":"post","link":"https:\/\/www.brundisium.net\/index.php\/xylella-il-comune-di-fasano-incontrera-le-associazioni-di-categoria\/","title":{"rendered":"Xylella: il Comune di Fasano incontrer\u00e0 le associazioni di categoria"},"content":{"rendered":"<p>In merito alla problematica Xylella fastidiosa, per cui la Regione Puglia ha ridelimitato le zone-cuscinetto inserendo anche una parte del territorio di Fasano, l\u2019assessore comunale all\u2019Agricoltura Gianluca Cisternino chiarisce: \u00abVorrei sottolineare la non sottovalutazione del problema da parte delle Amministrazioni comunali del nord brindisino per la problematica che affligge il primo settore dell\u2019economia dei territori interessati, che costantemente da circa un anno stanno collaborando per cercare di garantire le minime operazioni colturali da effettuare da parte delle Amministrazioni in veste di proprietarie di zone da sottoporre a sfalci di infestanti e trattamenti tesi a ridurre la propagazione della \u201csputacchina\u201d e con essa dell\u2019eventuale inoculo del batterio.<\/p>\n<p>&nbsp;<\/p>\n<p>I nuovi confini \u2013 sottolinea Cisternino &#8211; non fanno che riportare l\u2019evoluzione a nord del batterio, ma hanno una funzione prettamente indicativa perch\u00e9 nessun calcolo statistico pu\u00f2 prevedere con certezza l\u2019evoluzione della Xylella.<\/p>\n<p>&nbsp;<\/p>\n<p>Il batterio segue un andamento difficile da controllare \u2013 spiega Cisternino &#8211; dovuto alla sua trasmissione attraverso un vettore che di per s\u00e9 non percorrere grandi distanze, ma che a causa della mobilit\u00e0 passiva attraverso auto, autocarri etc. partendo dalla inesauribile e sottolineo oramai inesauribile fonte di infestazione della zona infetta, si propaga in direzione di vari punti focali, come ad esempio mercati di ortofrutta, distributori di carburante, centri ippici e tutti quei luoghi dove vengono trasportate merci (foraggi, frutta e verdura o altro) o altri luoghi anche solo di svago.<\/p>\n<p>&nbsp;<\/p>\n<p>In ogni caso, sto personalmente organizzando una serie di incontri divulgativi \u2013 annuncia l\u2019assessore Cisternino &#8211; con la collaborazione delle associazioni di categoria per divulgare in modo capillare le pratiche da adottare, specialmente per i possessori di terreni agricoli interessati dalla nuova perimetrazione, perch\u00e9 il nostro territorio, vorrei ricordarlo \u00e8 gi\u00e0 interessato da tempo a pratiche colturali obbligatorie nella fascia sud per le frazioni di Montalbano, Speziale e Poco Faceto.<\/p>\n<p>&nbsp;<\/p>\n<p>Pertanto, consiglio a tutti di consultare il sito www.emergenzaxylella.it e non mancher\u00f2 di comunicare a mezzo manifesti ed altro la nuova perimetrazione e le pratiche da effettuare. Sono consapevole, infatti \u2013 sottolinea Cisternino \u2013 che i nostri olivi monumentali rappresentano un patrimonio inestimabile per il territorio fasanese, non solo per la produzione agricola ma anche per il valore aggiunto paesaggistico che imprimono al nostro territorio: il reimpianto cos\u00ec osannato, se per i nuovi uliveti pu\u00f2 essere una soluzione, non pu\u00f2 esserlo per ulivi millenari, dove si sta cercando di portare avanti la pratica del reinnesto\u00bb.<\/p>\n<p>&nbsp;<\/p>\n<p>&nbsp;<\/p>\n","protected":false},"excerpt":{"rendered":"<p>In merito alla problematica Xylella fastidiosa, per cui la Regione Puglia ha ridelimitato le zone-cuscinetto inserendo anche una parte del territorio di Fasano, l\u2019assessore comunale all\u2019Agricoltura Gianluca Cisternino chiarisce: \u00abVorrei sottolineare la non sottovalutazione del problema da parte delle Amministrazioni comunali del nord brindisino per la problematica che affligge il primo settore dell\u2019economia dei territori interessati, che costantemente da circa un anno stanno collaborando per cercare di garantire le minime operazioni colturali da effettuare da parte delle Amministrazioni in veste di proprietarie di zone da sottoporre a sfalci di infestanti e trattamenti tesi a ridurre la propagazione della \u201csputacchina\u201d e con essa dell\u2019eventuale inoculo del batterio. &nbsp; I nuovi confini \u2013 sottolinea Cisternino &#8211; non fanno che riportare l\u2019evoluzione a nord del batterio, ma hanno una funzione prettamente indicativa perch\u00e9 nessun calcolo statistico pu\u00f2 prevedere con certezza l\u2019evoluzione della Xylella. &nbsp; Il batterio segue un andamento difficile da controllare \u2013 spiega Cisternino &#8211; dovuto alla sua trasmissione attraverso un vettore che di per s\u00e9 non percorrere grandi distanze, ma che&#8230;<\/p>\n","protected":false},"author":2,"featured_media":56758,"comment_status":"open","ping_status":"closed","sticky":false,"template":"","format":"standard","meta":{"footnotes":""},"categories":[7],"tags":[2586],"class_list":["post-128608","post","type-post","status-publish","format-standard","has-post-thumbnail","hentry","category-news","tag-xylella"],"_links":{"self":[{"href":"https:\/\/www.brundisium.net\/index.php\/wp-json\/wp\/v2\/posts\/128608","targetHints":{"allow":["GET"]}}],"collection":[{"href":"https:\/\/www.brundisium.net\/index.php\/wp-json\/wp\/v2\/posts"}],"about":[{"href":"https:\/\/www.brundisium.net\/index.php\/wp-json\/wp\/v2\/types\/post"}],"author":[{"embeddable":true,"href":"https:\/\/www.brundisium.net\/index.php\/wp-json\/wp\/v2\/users\/2"}],"replies":[{"embeddable":true,"href":"https:\/\/www.brundisium.net\/index.php\/wp-json\/wp\/v2\/comments?post=128608"}],"version-history":[{"count":1,"href":"https:\/\/www.brundisium.net\/index.php\/wp-json\/wp\/v2\/posts\/128608\/revisions"}],"predecessor-version":[{"id":128614,"href":"https:\/\/www.brundisium.net\/index.php\/wp-json\/wp\/v2\/posts\/128608\/revisions\/128614"}],"wp:featuredmedia":[{"embeddable":true,"href":"https:\/\/www.brundisium.net\/index.php\/wp-json\/wp\/v2\/media\/56758"}],"wp:attachment":[{"href":"https:\/\/www.brundisium.net\/index.php\/wp-json\/wp\/v2\/media?parent=128608"}],"wp:term":[{"taxonomy":"category","embeddable":true,"href":"https:\/\/www.brundisium.net\/index.php\/wp-json\/wp\/v2\/categories?post=128608"},{"taxonomy":"post_tag","embeddable":true,"href":"https:\/\/www.brundisium.net\/index.php\/wp-json\/wp\/v2\/tags?post=128608"}],"curies":[{"name":"wp","href":"https:\/\/api.w.org\/{rel}","templated":true}]}}