{"id":128874,"date":"2018-03-29T18:53:48","date_gmt":"2018-03-29T16:53:48","guid":{"rendered":"http:\/\/www.brundisium.net\/?p=128874"},"modified":"2018-04-05T07:41:15","modified_gmt":"2018-04-05T05:41:15","slug":"i-brindisini-sono-felici-peccato-che-non-lo-sanno-di-guido-giampietro","status":"publish","type":"post","link":"https:\/\/www.brundisium.net\/index.php\/i-brindisini-sono-felici-peccato-che-non-lo-sanno-di-guido-giampietro\/","title":{"rendered":"I brindisini sono felici. Peccato che non lo sanno. Di Guido Giampietro"},"content":{"rendered":"<p><a href=\"http:\/\/www.brundisium.net\/brun\/wp-content\/uploads\/2018\/03\/giornata-mondiale-della-felicita.jpg\"><img loading=\"lazy\" decoding=\"async\" class=\"alignleft size-medium wp-image-128876\" src=\"http:\/\/www.brundisium.net\/brun\/wp-content\/uploads\/2018\/03\/giornata-mondiale-della-felicita-300x187.jpg\" alt=\"\" width=\"300\" height=\"187\" srcset=\"https:\/\/www.brundisium.net\/brun\/wp-content\/uploads\/2018\/03\/giornata-mondiale-della-felicita-300x187.jpg 300w, https:\/\/www.brundisium.net\/brun\/wp-content\/uploads\/2018\/03\/giornata-mondiale-della-felicita-768x478.jpg 768w, https:\/\/www.brundisium.net\/brun\/wp-content\/uploads\/2018\/03\/giornata-mondiale-della-felicita-112x70.jpg 112w, https:\/\/www.brundisium.net\/brun\/wp-content\/uploads\/2018\/03\/giornata-mondiale-della-felicita.jpg 1000w\" sizes=\"auto, (max-width: 300px) 100vw, 300px\" \/><\/a>Pochi giorni fa, il 20 marzo, \u00e8 stata celebrata la Giornata internazionale della felicit\u00e0, istituita nel 2012 dall\u2019Onu. Una delle 365 (o 366?) Giornate che l\u2019Onu (e qualche altro Organismo), con una fantasia che non ha eguali, ha dedicato a qualcuno e a qualcosa. Forse se l\u2019Onu concentrasse la propria attenzione sui veri problemi che affliggono l\u2019umanit\u00e0 il mondo andrebbe meglio.<\/p>\n<p>Ma questa Giornata della felicit\u00e0 gliela facciamo passare perch\u00e9 l\u2019argomento \u00e8 troppo intrigante e chiss\u00e0 se, a furia di parlarne da millenni, non si riesca trovarla veramente la chiave che apre questa porta.<\/p>\n<p>Uno dei pi\u00f9 antichi pensatori e politici greci, Solone, allo studio della felicit\u00e0 ha dedicato gran parte del suo tempo. Egli impose una riforma costituzionale agli Ateniesi ma, invece di chiederne la ratifica, part\u00ec, dopo essersi fatto promettere che nessuno l\u2019avrebbe modificata fino al suo ritorno.<\/p>\n<p>Sulle coste dell\u2019Asia Minore incontr\u00f2 l\u2019uomo pi\u00f9 ricco e potente del momento, un tale Creso di Lidia. Il sovrano gli mostrava ricchezze immense, terre fertili, sudditi obbedienti, una famiglia fedele e ancelle disponibili ad allietare le ore in cambio di dimore, tuniche griffate e qualche moneta d\u2019oro\u2026 Si potrebbe chiedere altro alla vita? Nemmeno il pi\u00f9 ambizioso e ingordo tra i politici avrebbe potuto aspirare ad altro.<\/p>\n<p>Eppure Solone si rifiutava di riconoscere Creso felice. \u00abAspetta la fine\u00bb, diceva. Parole che irritarono il sovrano, ma di cui avrebbe presto scoperto la verit\u00e0, dopo che il suo esercito fu sbaragliato, il regno ridotto a un cumulo di macerie, le disinteressate ancelle assicurate alla giustizia e lui stesso sul punto d\u2019essere bruciato vivo.<\/p>\n<p>I momenti piacevoli non erano mancati a Creso. Ma si potrebbe definire veramente felice la sua vita, o quella di Priamo, l\u2019altro potente re che aveva visto tutto distrutto quando i Greci avevano preso Troia?<\/p>\n<p>&nbsp;<\/p>\n<p>Viviamo in media 26.250 giorni, aveva calcolato Solone. Arrotondiamo pure a 30.000 e \u201cogni giorno porta qualcosa di nuovo\u201d. Meglio non affrettarsi, dunque, a gridare la propria felicit\u00e0, \u201cperch\u00e9 il dio, dopo aver lasciato intravedere loro la felicit\u00e0, li ha abbattuti fin dalle fondamenta\u201d. Aspetta la fine, appunto.<\/p>\n<p>&nbsp;<\/p>\n<p><a href=\"http:\/\/www.brundisium.net\/brun\/wp-content\/uploads\/2018\/02\/facebook1.jpg\"><img loading=\"lazy\" decoding=\"async\" class=\"size-medium wp-image-124918 alignright\" src=\"http:\/\/www.brundisium.net\/brun\/wp-content\/uploads\/2018\/02\/facebook1-300x200.jpg\" alt=\"\" width=\"300\" height=\"200\" srcset=\"https:\/\/www.brundisium.net\/brun\/wp-content\/uploads\/2018\/02\/facebook1-300x200.jpg 300w, https:\/\/www.brundisium.net\/brun\/wp-content\/uploads\/2018\/02\/facebook1-768x513.jpg 768w, https:\/\/www.brundisium.net\/brun\/wp-content\/uploads\/2018\/02\/facebook1.jpg 1016w\" sizes=\"auto, (max-width: 300px) 100vw, 300px\" \/><\/a>Gi\u00e0 su questo concetto tanto ci sarebbe da riflettere, ma torniamo alla Giornata della felicit\u00e0. Mai e poi mai Solone avrebbe pensato che il grado di felicit\u00e0 si sarebbe potuto misurare, stabilendo cos\u00ec dove intervenire per giungere a una felicit\u00e0 equamente distribuita tra gli uomini.<\/p>\n<p>&nbsp;<\/p>\n<p>Invece la scoperta degli algoritmi (che non riuscir\u00f2 mai a capire se appartengono al regno animale, vegetale o animale!) e l\u2019avvento dei social media ha messo a disposizione dei ricercatori una miniera di informazioni. Attraverso appropriate tecniche statistiche e grazie alle parole e alle fotografie postate si \u00e8 oramai in grado di potere stimare in tempo reale le emozioni degli utilizzatori dei vari social media.<\/p>\n<p>&nbsp;<\/p>\n<p>In questi giorni si parla tanto delle manipolazioni che il sig. Mark Zuckerberg ha fatto con il suo Facebook e molto meno di quello che dal 2012 fa l\u2019iHappy, l\u2019indice sviluppato da Voices from the Blogs, spin-off dell\u2019Universit\u00e0 degli Studi di Milano che, analizzando i post su Twitter pubblicati dagli utenti italiani (oltre mezzo miliardo!) stima quotidianamente il loro relativo livello di felicit\u00e0 (o di tristezza).<\/p>\n<p>&nbsp;<\/p>\n<p>Da questo punto di vista, l\u2019anno da poco conclusosi ha registrato un valore medio di iHappy pari a 55,1 punti percentuali (lungo una scala che va da 0, massima tristezza, a 100, massima felicit\u00e0). Un dato superiore sia al 2016 che al 2015. Questo significa che i giorni in cui il buonumore degli italiani ha registrato un valore superiore al 50% sono stati 2 su 3, a differenza del 2016, in cui i giorni tristi erano 1 su 2.<\/p>\n<p>&nbsp;<\/p>\n<p>Se consideriamo la classifica delle province, quest\u2019anno la palma della pi\u00f9 felice va a Genova (indice 59,5), seconda Bologna, seguita da Roma, Palermo, Firenze, Torino, Milano. E non potrebbe essere diversamente visto che tra i parametri dell\u2019iHappy c\u2019\u00e8 anche la voce dello stipendio medio e l\u2019insieme di possibilit\u00e0 che le citt\u00e0 offrono ai propri cittadini in fatto di spettacoli ed eventi di varia natura.<\/p>\n<p>&nbsp;<\/p>\n<p><a href=\"http:\/\/www.brundisium.net\/brun\/wp-content\/uploads\/2014\/02\/portodalcielo1024.jpg\"><img loading=\"lazy\" decoding=\"async\" class=\"alignleft size-medium wp-image-3679\" src=\"http:\/\/www.brundisium.net\/brun\/wp-content\/uploads\/2014\/02\/portodalcielo1024-300x225.jpg\" alt=\"\" width=\"300\" height=\"225\" srcset=\"https:\/\/www.brundisium.net\/brun\/wp-content\/uploads\/2014\/02\/portodalcielo1024-300x225.jpg 300w, https:\/\/www.brundisium.net\/brun\/wp-content\/uploads\/2014\/02\/portodalcielo1024.jpg 1024w\" sizes=\"auto, (max-width: 300px) 100vw, 300px\" \/><\/a>E noi pugliesi come stiamo messi a felicit\u00e0? Bari, con l\u2019indice iHappy 56,5 si trova al 18\u00b0 posto della graduatoria nazionale. Segue Brindisi al 60\u00b0 posto (indice 54,7), Barletta-Andria-Trani al 61\u00b0 (indice 54,6), Taranto al 70\u00b0 (indice 54,1), Lecce all\u201985\u00b0 (indice 53,5) e chiude Foggia al 95\u00b0 posto (indice 53,3).<\/p>\n<p>&nbsp;<\/p>\n<p>Ma non \u00e8 che questo indice, puramente statistico, ci riporta in qualche modo alla storiella del pollo? Non aveva forse ragione Epitteto quando affermava che \u201cla felicit\u00e0 non consiste nell\u2019acquistare e godere ma nel non desiderare nulla, perch\u00e9 consiste nell\u2019essere liberi\u201d?<\/p>\n<p>&nbsp;<\/p>\n<p>E veramente possiamo affermare che i brindisini siano felici?<br \/>\nLo sono forse i dipendenti della partecipata Santa Teresa spa, alcuni dei quali da qualche giorno sono tornati a gridare la loro rabbia dal cornicione del Palazzo sede della Provincia? Infatti, scaduto il periodo della cassa integrazione in deroga, resta il punto interrogativo sul futuro di 120 famiglie e diventa concreto il rischio del licenziamento per tutti. \u00c8 forse questa felicit\u00e0?<\/p>\n<p>&nbsp;<\/p>\n<p>E che dire del nuovo Piano industriale 2018-2022 dell\u2019Enav (Ente nazionale per l\u2019assistenza al volo) che prevede la soppressione di due dei quattro Centri di Controllo (Milano, Padova, Roma, Brindisi) che gestiscono il traffico aereo nazionale assistendo gli aeromobili in volo, oltre a 45 Torri di Controllo in altrettanti aeroporti nella gestione delle fasi di decollo e atterraggio?<br \/>\nPerch\u00e9 il primo Centro ad essere soppresso sar\u00e0, guarda caso, quello di Brindisi, seguito, tra qualche anno da quello di Padova? L\u2019impressione \u00e8 che l\u2019aeroporto di Brindisi, dopo la cessione all\u2019Enav della Torre di Controllo e della Stazione Meteo, stia perdendo un altro pezzo della propria autonomia a vantaggio di altri territori. \u00c8 forse questa felicit\u00e0?<br \/>\nE quale sar\u00e0 il destino della Tecnosky, la societ\u00e0 che per conto dell\u2019Enav effettua la manutenzione della strumentazione elettronica utilizzata dal Centro? Quale quella dei 200 dipendenti che, nella migliore delle ipotesi, rischiano di essere trasferiti a Roma o a Milano? \u00c8 forse questa felicit\u00e0?<\/p>\n<p>&nbsp;<\/p>\n<p>E sono forse felici i vigilantes di alcuni istituti impegnati nello svolgimento dei servizi di sicurezza all\u2019interno dello scalo aeroportuale?<\/p>\n<p>&nbsp;<\/p>\n<p><a href=\"http:\/\/www.brundisium.net\/brun\/wp-content\/uploads\/2017\/12\/piano-della-sosta.jpg\"><img loading=\"lazy\" decoding=\"async\" class=\"size-medium wp-image-121271 alignright\" src=\"http:\/\/www.brundisium.net\/brun\/wp-content\/uploads\/2017\/12\/piano-della-sosta-300x178.jpg\" alt=\"\" width=\"300\" height=\"178\" srcset=\"https:\/\/www.brundisium.net\/brun\/wp-content\/uploads\/2017\/12\/piano-della-sosta-300x178.jpg 300w, https:\/\/www.brundisium.net\/brun\/wp-content\/uploads\/2017\/12\/piano-della-sosta.jpg 640w\" sizes=\"auto, (max-width: 300px) 100vw, 300px\" \/><\/a>O i cittadini di Brindisi che con il nuovo Piano di mobilit\u00e0, partorito con lacrime e sangue, non sanno pi\u00f9 a quale santo rivolgersi per vedere approvati quei provvedimenti (specie per i parcheggi) che allevierebbero non poco l\u2019attuale situazione? Anche in questo caso non credo si possa parlare di felicit\u00e0. Ma sicuramente siamo noi ad essere nel torto perch\u00e9 il 54,7 dell\u2019indice iHappy dimostra senza alcun dubbio che a Brindisi siamo felici.<\/p>\n<p>&nbsp;<\/p>\n<p>E lo sono gli olivicoltori della provincia che, a causa della Xylella e di una confusionaria politica europea e regionale, stanno perdendo un patrimonio (spesso millenario) tramandato loro dalle precedenti generazioni e che hanno fatto della Puglia un territorio benedetto?<\/p>\n<p>&nbsp;<\/p>\n<p>E che dire degli annunciati 231 licenziamenti dei lavoratori Valtur di Ostuni? Vale a dire di un complesso che rappresenta l\u2019Italia nel turismo mondiale e nel Mezzogiorno una risorsa occupazionale ed economica fondamentale. \u00c8 forse anche questa felicit\u00e0?<\/p>\n<p>&nbsp;<\/p>\n<p>Diceva Trilussa: \u00abC\u2019\u00e8 un\u2019Ape che se posa \/ su un bottone de rosa: \/ lo succhia e se ne va\u2026 \/ Tutto sommato la felicit\u00e0 \u00e8 una piccola cosa\u00bb. \u00c8 veramente una piccola cosa? Per Trilussa, che era un poeta, \u00e8 cos\u00ec. Il guaio \u00e8 che noi non siamo n\u00e9 poeti n\u00e9 api. E non riusciamo perci\u00f2 a comprendere che l\u2019infelicit\u00e0 che dura uno spiffero di vento \u00e8 niente a confronto con la felicit\u00e0 che ci regala la vita.<\/p>\n<p>&nbsp;<\/p>\n<p><strong>Guido Giampietro<\/strong><\/p>\n","protected":false},"excerpt":{"rendered":"<p>Pochi giorni fa, il 20 marzo, \u00e8 stata celebrata la Giornata internazionale della felicit\u00e0, istituita nel 2012 dall\u2019Onu. Una delle 365 (o 366?) Giornate che l\u2019Onu (e qualche altro Organismo), con una fantasia che non ha eguali, ha dedicato a qualcuno e a qualcosa. Forse se l\u2019Onu concentrasse la propria attenzione sui veri problemi che affliggono l\u2019umanit\u00e0 il mondo andrebbe meglio. Ma questa Giornata della felicit\u00e0 gliela facciamo passare perch\u00e9 l\u2019argomento \u00e8 troppo intrigante e chiss\u00e0 se, a furia di parlarne da millenni, non si riesca trovarla veramente la chiave che apre questa porta. Uno dei pi\u00f9 antichi pensatori e politici greci, Solone, allo studio della felicit\u00e0 ha dedicato gran parte del suo tempo. Egli impose una riforma costituzionale agli Ateniesi ma, invece di chiederne la ratifica, part\u00ec, dopo essersi fatto promettere che nessuno l\u2019avrebbe modificata fino al suo ritorno. Sulle coste dell\u2019Asia Minore incontr\u00f2 l\u2019uomo pi\u00f9 ricco e potente del momento, un tale Creso di Lidia. Il sovrano gli mostrava ricchezze immense, terre fertili, sudditi obbedienti, una famiglia fedele&#8230;<\/p>\n","protected":false},"author":2,"featured_media":22917,"comment_status":"open","ping_status":"closed","sticky":false,"template":"","format":"standard","meta":{"footnotes":""},"categories":[3129],"tags":[18],"class_list":["post-128874","post","type-post","status-publish","format-standard","has-post-thumbnail","hentry","category-guido-giampietro","tag-guido-giampietro"],"_links":{"self":[{"href":"https:\/\/www.brundisium.net\/index.php\/wp-json\/wp\/v2\/posts\/128874","targetHints":{"allow":["GET"]}}],"collection":[{"href":"https:\/\/www.brundisium.net\/index.php\/wp-json\/wp\/v2\/posts"}],"about":[{"href":"https:\/\/www.brundisium.net\/index.php\/wp-json\/wp\/v2\/types\/post"}],"author":[{"embeddable":true,"href":"https:\/\/www.brundisium.net\/index.php\/wp-json\/wp\/v2\/users\/2"}],"replies":[{"embeddable":true,"href":"https:\/\/www.brundisium.net\/index.php\/wp-json\/wp\/v2\/comments?post=128874"}],"version-history":[{"count":1,"href":"https:\/\/www.brundisium.net\/index.php\/wp-json\/wp\/v2\/posts\/128874\/revisions"}],"predecessor-version":[{"id":128877,"href":"https:\/\/www.brundisium.net\/index.php\/wp-json\/wp\/v2\/posts\/128874\/revisions\/128877"}],"wp:featuredmedia":[{"embeddable":true,"href":"https:\/\/www.brundisium.net\/index.php\/wp-json\/wp\/v2\/media\/22917"}],"wp:attachment":[{"href":"https:\/\/www.brundisium.net\/index.php\/wp-json\/wp\/v2\/media?parent=128874"}],"wp:term":[{"taxonomy":"category","embeddable":true,"href":"https:\/\/www.brundisium.net\/index.php\/wp-json\/wp\/v2\/categories?post=128874"},{"taxonomy":"post_tag","embeddable":true,"href":"https:\/\/www.brundisium.net\/index.php\/wp-json\/wp\/v2\/tags?post=128874"}],"curies":[{"name":"wp","href":"https:\/\/api.w.org\/{rel}","templated":true}]}}